{"id":1011,"date":"2023-12-21T14:14:54","date_gmt":"2023-12-21T13:14:54","guid":{"rendered":"https:\/\/www.vindhemskoren.se\/wordpress\/?p=1011"},"modified":"2023-12-21T14:14:54","modified_gmt":"2023-12-21T13:14:54","slug":"korsang-vid-jul-och-trettondag","status":"publish","type":"post","link":"https:\/\/www.vindhemskoren.se\/wordpress\/?p=1011","title":{"rendered":"K\u00f6rs\u00e5ng vid jul och trettondag"},"content":{"rendered":"<div id=\"pl-1011\"  class=\"panel-layout\" ><div id=\"pg-1011-0\"  class=\"panel-grid panel-no-style\" ><div id=\"pgc-1011-0-0\"  class=\"panel-grid-cell\" ><div id=\"panel-1011-0-0-0\" class=\"so-panel widget widget_sow-editor panel-first-child panel-last-child\" data-index=\"0\" ><div\n\t\t\t\n\t\t\tclass=\"so-widget-sow-editor so-widget-sow-editor-base\"\n\t\t\t\n\t\t>\n<div class=\"siteorigin-widget-tinymce textwidget\">\n\t<p>Det \u00e4r snart dags att t\u00e4nda fj\u00e4rde adventsljuset, och samtidigt kan man ju i \u00e5r faktiskt t\u00e4nda julgranen!<\/p>\n<\/div>\n<\/div><\/div><\/div><\/div><div id=\"pg-1011-1\"  class=\"panel-grid panel-no-style\" ><div id=\"pgc-1011-1-0\"  class=\"panel-grid-cell\" ><div id=\"panel-1011-1-0-0\" class=\"so-panel widget widget_sow-editor panel-first-child panel-last-child\" data-index=\"1\" ><div\n\t\t\t\n\t\t\tclass=\"so-widget-sow-editor so-widget-sow-editor-base\"\n\t\t\t\n\t\t>\n<div class=\"siteorigin-widget-tinymce textwidget\">\n\t<p>Vindhemsk\u00f6ren har ett uppeh\u00e5ll f\u00f6r sina egna framtr\u00e4danden under helgperioden, men vid ett par tillf\u00e4llen kan man h\u00f6ra k\u00f6rs\u00e5ng med s\u00e5ngare fr\u00e5n b\u00e5de Vindhemsk\u00f6ren och Stefanosk\u00f6ren. Den som \u00e4r morgonpigg \u00e4r v\u00e4lkommen p\u00e5 julotta i Vindhemskyrkan Sankta Birgitta kl 7 p\u00e5 juldagen (25 dec), och s\u00f6ndagen efter trettondagen (jan) bjuds det p\u00e5 k\u00f6rs\u00e5ng i h\u00f6gm\u00e4ssan kl 11. Den 28 januari 2024 medverkar Vindhemsk\u00f6ren i h\u00f6gm\u00e4ssan kl 11.<\/p>\n<\/div>\n<\/div><\/div><\/div><div id=\"pgc-1011-1-1\"  class=\"panel-grid-cell\" ><div id=\"panel-1011-1-1-0\" class=\"so-panel widget widget_sow-image panel-first-child panel-last-child\" data-index=\"2\" ><div\n\t\t\t\n\t\t\tclass=\"so-widget-sow-image so-widget-sow-image-default-8b5b6f678277-1011\"\n\t\t\t\n\t\t>\n<div class=\"sow-image-container\">\n\t\t<img \n\tsrc=\"https:\/\/www.vindhemskoren.se\/wordpress\/wp-content\/uploads\/2023\/12\/20231221_084457-scaled.jpg\" width=\"2171\" height=\"2560\" srcset=\"https:\/\/www.vindhemskoren.se\/wordpress\/wp-content\/uploads\/2023\/12\/20231221_084457-scaled.jpg 2171w, https:\/\/www.vindhemskoren.se\/wordpress\/wp-content\/uploads\/2023\/12\/20231221_084457-254x300.jpg 254w, https:\/\/www.vindhemskoren.se\/wordpress\/wp-content\/uploads\/2023\/12\/20231221_084457-869x1024.jpg 869w, https:\/\/www.vindhemskoren.se\/wordpress\/wp-content\/uploads\/2023\/12\/20231221_084457-768x905.jpg 768w, https:\/\/www.vindhemskoren.se\/wordpress\/wp-content\/uploads\/2023\/12\/20231221_084457-1303x1536.jpg 1303w, https:\/\/www.vindhemskoren.se\/wordpress\/wp-content\/uploads\/2023\/12\/20231221_084457-1737x2048.jpg 1737w\" sizes=\"(max-width: 2171px) 100vw, 2171px\" title=\"20231221_084457\" alt=\"\" \t\tclass=\"so-widget-image\"\/>\n\t<\/div>\n\n<\/div><\/div><\/div><\/div><div id=\"pg-1011-2\"  class=\"panel-grid panel-no-style\" ><div id=\"pgc-1011-2-0\"  class=\"panel-grid-cell\" ><div id=\"panel-1011-2-0-0\" class=\"so-panel widget widget_sow-editor panel-first-child panel-last-child\" data-index=\"3\" ><div\n\t\t\t\n\t\t\tclass=\"so-widget-sow-editor so-widget-sow-editor-base\"\n\t\t\t\n\t\t>\n<div class=\"siteorigin-widget-tinymce textwidget\">\n\t<p>Varmt v\u00e4lkomna att delta i gudstj\u00e4nsterna och lyssna till vacker julmusik!<\/p>\n<p>Du som vill b\u00f6rja sjunga i k\u00f6r eller funderar p\u00e5 att \u00e5teruppta ditt k\u00f6rintresse under 2024, g\u00e5 in under fliken Sjung med oss h\u00e4r p\u00e5 hemsidan och kontakta v\u00e5r k\u00f6rledare Peter Melin.<\/p>\n<\/div>\n<\/div><\/div><\/div><\/div><\/div>","protected":false},"excerpt":{"rendered":"<p>Det \u00e4r snart dags att t\u00e4nda fj\u00e4rde adventsljuset, och samtidigt kan man ju i \u00e5r faktiskt t\u00e4nda julgranen! Vindhemsk\u00f6ren har ett uppeh\u00e5ll f\u00f6r sina egna framtr\u00e4danden under helgperioden, men vid ett par tillf\u00e4llen kan man h\u00f6ra k\u00f6rs\u00e5ng med s\u00e5ngare fr\u00e5n &hellip; <a href=\"https:\/\/www.vindhemskoren.se\/wordpress\/?p=1011\">Forts\u00e4tt l\u00e4sa <span class=\"meta-nav\">&rarr;<\/span><\/a><\/p>\n","protected":false},"author":1,"featured_media":0,"comment_status":"closed","ping_status":"closed","sticky":false,"template":"","format":"standard","meta":{"_s2mail":"","footnotes":""},"categories":[1],"tags":[],"class_list":["post-1011","post","type-post","status-publish","format-standard","hentry","category-uncategorized"],"_links":{"self":[{"href":"https:\/\/www.vindhemskoren.se\/wordpress\/index.php?rest_route=\/wp\/v2\/posts\/1011","targetHints":{"allow":["GET"]}}],"collection":[{"href":"https:\/\/www.vindhemskoren.se\/wordpress\/index.php?rest_route=\/wp\/v2\/posts"}],"about":[{"href":"https:\/\/www.vindhemskoren.se\/wordpress\/index.php?rest_route=\/wp\/v2\/types\/post"}],"author":[{"embeddable":true,"href":"https:\/\/www.vindhemskoren.se\/wordpress\/index.php?rest_route=\/wp\/v2\/users\/1"}],"replies":[{"embeddable":true,"href":"https:\/\/www.vindhemskoren.se\/wordpress\/index.php?rest_route=%2Fwp%2Fv2%2Fcomments&post=1011"}],"version-history":[{"count":35,"href":"https:\/\/www.vindhemskoren.se\/wordpress\/index.php?rest_route=\/wp\/v2\/posts\/1011\/revisions"}],"predecessor-version":[{"id":1047,"href":"https:\/\/www.vindhemskoren.se\/wordpress\/index.php?rest_route=\/wp\/v2\/posts\/1011\/revisions\/1047"}],"wp:attachment":[{"href":"https:\/\/www.vindhemskoren.se\/wordpress\/index.php?rest_route=%2Fwp%2Fv2%2Fmedia&parent=1011"}],"wp:term":[{"taxonomy":"category","embeddable":true,"href":"https:\/\/www.vindhemskoren.se\/wordpress\/index.php?rest_route=%2Fwp%2Fv2%2Fcategories&post=1011"},{"taxonomy":"post_tag","embeddable":true,"href":"https:\/\/www.vindhemskoren.se\/wordpress\/index.php?rest_route=%2Fwp%2Fv2%2Ftags&post=1011"}],"curies":[{"name":"wp","href":"https:\/\/api.w.org\/{rel}","templated":true}]}}