{"id":1052,"date":"2024-01-31T14:43:19","date_gmt":"2024-01-31T13:43:19","guid":{"rendered":"https:\/\/www.vindhemskoren.se\/wordpress\/?p=1052"},"modified":"2024-01-31T14:43:19","modified_gmt":"2024-01-31T13:43:19","slug":"ljusare-tider-och-mera-korsang","status":"publish","type":"post","link":"https:\/\/www.vindhemskoren.se\/wordpress\/?p=1052","title":{"rendered":"Ljusare tider och mera k\u00f6rs\u00e5ng"},"content":{"rendered":"<div id=\"pl-1052\"  class=\"panel-layout\" ><div id=\"pg-1052-0\"  class=\"panel-grid panel-no-style\" ><div id=\"pgc-1052-0-0\"  class=\"panel-grid-cell\" ><div id=\"panel-1052-0-0-0\" class=\"so-panel widget widget_sow-editor panel-first-child panel-last-child\" data-index=\"0\" ><div\n\t\t\t\n\t\t\tclass=\"so-widget-sow-editor so-widget-sow-editor-base\"\n\t\t\t\n\t\t>\n<div class=\"siteorigin-widget-tinymce textwidget\">\n\t<p>Man ska akta sig f\u00f6r att ta ut v\u00e5ren i f\u00f6rskott, men faktum \u00e4r (enligt SMHI) att dagen nu \u00e4r n\u00e4rmare tv\u00e5 timmar l\u00e4ngre \u00e4n vid vintersolst\u00e5ndet. \u00c5tminstone p\u00e5 den punkten g\u00e5r vi definitivt mot ljusare tider!<\/p>\n<p>I s\u00f6ndags medverkade Vindhemsk\u00f6ren f\u00f6r f\u00f6rsta g\u00e5ngen i \u00e5r vid h\u00f6gm\u00e4ssan i Vindhemskyrkan Sankta Birgitta. N\u00e4sta tillf\u00e4lle \u00e4r 18 februari, f\u00f6rsta s\u00f6ndagen i fastan. D\u00e5 sjunger vi tillsammans med Stefanosk\u00f6ren, troligen bland annat Hallelujak\u00f6ren ur H\u00e4ndels Messias. Det blir en speciell gudstj\u00e4nst, eftersom v\u00e5r pr\u00e4st, Annica Sundkvist, slutar sin tj\u00e4nst och avtackas d\u00e5.<\/p>\n<p>D\u00e4rmed \u00e4r vi inne i fasteperioden, men som vanligt bryts den av Marie beb\u00e5delsedag som i \u00e5r firas 17 mars. \u00c4ven d\u00e5 medverkar Vindhemsk\u00f6ren i h\u00f6gm\u00e4ssan.<\/p>\n<p>L\u00f6rdagen 9 mars bjuds p\u00e5 musik med en m\u00e4ngd s\u00e5ngare fr\u00e5n olika k\u00f6rer. D\u00e5 anordnar Kyrkos\u00e5ngsf\u00f6rbundet i Uppsala stift en k\u00f6rdag i Uppsala domkyrka. Dagen avslutas med en konsert kl 18, d\u00e5 bland annat Faur\u00e9s Requiem st\u00e5r p\u00e5 programmet.<\/p>\n<p>Se \u00e4ven kalendariet p\u00e5 den h\u00e4r sidan. Varmt v\u00e4lkomna!<\/p>\n<p>Du som vill b\u00f6rja sjunga i k\u00f6r eller funderar p\u00e5 att \u00e5teruppta ditt k\u00f6rintresse under 2024, g\u00e5 in under fliken Sjung med oss h\u00e4r p\u00e5 hemsidan och kontakta v\u00e5r k\u00f6rledare Peter Melin<\/p>\n<\/div>\n<\/div><\/div><\/div><\/div><div id=\"pg-1052-1\"  class=\"panel-grid panel-no-style\" ><div id=\"pgc-1052-1-0\"  class=\"panel-grid-cell\" ><div id=\"panel-1052-1-0-0\" class=\"so-panel widget widget_sow-image panel-first-child panel-last-child\" data-index=\"1\" ><div\n\t\t\t\n\t\t\tclass=\"so-widget-sow-image so-widget-sow-image-default-8b5b6f678277-1052\"\n\t\t\t\n\t\t>\n<div class=\"sow-image-container\">\n\t\t<img \n\tsrc=\"https:\/\/www.vindhemskoren.se\/wordpress\/wp-content\/uploads\/2024\/01\/Marie-Bebadelse.jpg\" width=\"750\" height=\"887\" srcset=\"https:\/\/www.vindhemskoren.se\/wordpress\/wp-content\/uploads\/2024\/01\/Marie-Bebadelse.jpg 750w, https:\/\/www.vindhemskoren.se\/wordpress\/wp-content\/uploads\/2024\/01\/Marie-Bebadelse-254x300.jpg 254w\" sizes=\"(max-width: 750px) 100vw, 750px\" title=\"Marie Beb\u00e5delse\" alt=\"\" \t\tclass=\"so-widget-image\"\/>\n\t<\/div>\n\n<\/div><\/div><\/div><\/div><\/div>","protected":false},"excerpt":{"rendered":"<p>Man ska akta sig f\u00f6r att ta ut v\u00e5ren i f\u00f6rskott, men faktum \u00e4r (enligt SMHI) att dagen nu \u00e4r n\u00e4rmare tv\u00e5 timmar l\u00e4ngre \u00e4n vid vintersolst\u00e5ndet. \u00c5tminstone p\u00e5 den punkten g\u00e5r vi definitivt mot ljusare tider! I s\u00f6ndags medverkade &hellip; <a href=\"https:\/\/www.vindhemskoren.se\/wordpress\/?p=1052\">Forts\u00e4tt l\u00e4sa <span class=\"meta-nav\">&rarr;<\/span><\/a><\/p>\n","protected":false},"author":1,"featured_media":0,"comment_status":"closed","ping_status":"closed","sticky":false,"template":"","format":"standard","meta":{"_s2mail":"","footnotes":""},"categories":[1],"tags":[],"class_list":["post-1052","post","type-post","status-publish","format-standard","hentry","category-uncategorized"],"_links":{"self":[{"href":"https:\/\/www.vindhemskoren.se\/wordpress\/index.php?rest_route=\/wp\/v2\/posts\/1052","targetHints":{"allow":["GET"]}}],"collection":[{"href":"https:\/\/www.vindhemskoren.se\/wordpress\/index.php?rest_route=\/wp\/v2\/posts"}],"about":[{"href":"https:\/\/www.vindhemskoren.se\/wordpress\/index.php?rest_route=\/wp\/v2\/types\/post"}],"author":[{"embeddable":true,"href":"https:\/\/www.vindhemskoren.se\/wordpress\/index.php?rest_route=\/wp\/v2\/users\/1"}],"replies":[{"embeddable":true,"href":"https:\/\/www.vindhemskoren.se\/wordpress\/index.php?rest_route=%2Fwp%2Fv2%2Fcomments&post=1052"}],"version-history":[{"count":4,"href":"https:\/\/www.vindhemskoren.se\/wordpress\/index.php?rest_route=\/wp\/v2\/posts\/1052\/revisions"}],"predecessor-version":[{"id":1059,"href":"https:\/\/www.vindhemskoren.se\/wordpress\/index.php?rest_route=\/wp\/v2\/posts\/1052\/revisions\/1059"}],"wp:attachment":[{"href":"https:\/\/www.vindhemskoren.se\/wordpress\/index.php?rest_route=%2Fwp%2Fv2%2Fmedia&parent=1052"}],"wp:term":[{"taxonomy":"category","embeddable":true,"href":"https:\/\/www.vindhemskoren.se\/wordpress\/index.php?rest_route=%2Fwp%2Fv2%2Fcategories&post=1052"},{"taxonomy":"post_tag","embeddable":true,"href":"https:\/\/www.vindhemskoren.se\/wordpress\/index.php?rest_route=%2Fwp%2Fv2%2Ftags&post=1052"}],"curies":[{"name":"wp","href":"https:\/\/api.w.org\/{rel}","templated":true}]}}