{"id":1061,"date":"2024-03-27T12:36:38","date_gmt":"2024-03-27T11:36:38","guid":{"rendered":"https:\/\/www.vindhemskoren.se\/wordpress\/?p=1061"},"modified":"2024-03-27T12:36:38","modified_gmt":"2024-03-27T11:36:38","slug":"en-varmanad-full-av-kormusik","status":"publish","type":"post","link":"https:\/\/www.vindhemskoren.se\/wordpress\/?p=1061","title":{"rendered":"En v\u00e5rm\u00e5nad full av k\u00f6rmusik"},"content":{"rendered":"<div id=\"pl-1061\"  class=\"panel-layout\" ><div id=\"pg-1061-0\"  class=\"panel-grid panel-no-style\" ><div id=\"pgc-1061-0-0\"  class=\"panel-grid-cell\" ><div id=\"panel-1061-0-0-0\" class=\"so-panel widget widget_sow-editor panel-first-child panel-last-child\" data-index=\"0\" ><div\n\t\t\t\n\t\t\tclass=\"so-widget-sow-editor so-widget-sow-editor-base\"\n\t\t\t\n\t\t>\n<div class=\"siteorigin-widget-tinymce textwidget\">\n\t<p>\u201dDet blir v\u00e5r igen, kan du k\u00e4nna den, hur det gror och kn\u00e4pper i marken?\u201d skriver poeten och l\u00e5tskrivaren Tommie Sew\u00f3n i en s\u00e5ngtext som k\u00e4nns v\u00e4ldigt aktuell just nu. Visst kan vi tycka att v\u00e5ren \u00e4r saktf\u00e4rdig och tveksam, men det finns ocks\u00e5 n\u00e5got fint i att v\u00e4nta p\u00e5 det som kommer.<\/p>\n<p>V\u00e5rdagj\u00e4mningen \u00e4r passerad liksom Marie beb\u00e5delsedag, och snart \u00e4r det p\u00e5sk, ovanligt tidigt i \u00e5r. P\u00e5skh\u00f6gtiden \u00e4r dramatisk p\u00e5 ett annat s\u00e4tt \u00e4n den eftert\u00e4nksamma v\u00e5ren: h\u00e4r \u00e4r tv\u00e4ra kast fr\u00e5n l\u00e5ngfredagens allvar och tyngd till p\u00e5skdagen med sin n\u00e4stan brutala gl\u00e4dje och f\u00f6rvandling fr\u00e5n m\u00f6rker till bl\u00e4ndande ljus. Fint att f\u00e5 vara med om detta drama som k\u00e4nns nytt och aktuellt varje \u00e5r.<\/p>\n<p>Vindhemsk\u00f6ren och Stefanosk\u00f6ren bildar tillsammans en p\u00e5sk-k\u00f6r och deltar i l\u00e5ngfredagens gudstj\u00e4nst liksom p\u00e5skdagens h\u00f6gm\u00e4ssa i Vindhemskyrkan Sankta Birgitta. Gudstj\u00e4nsterna \u00e4ger rum kl 11 b\u00e5da dagarna, men gl\u00f6m inte omst\u00e4llningen till sommartid natten mellan l\u00f6rdag och s\u00f6ndag!<\/p>\n<p>Forts\u00e4ttningen av april blir en tid av m\u00e5nga aktiviteter f\u00f6r Vindhemsk\u00f6ren. Den 6 april kl 18 ges en psalmkonsert i Gottsunda kyrka tillsammans med saxofonisten Johan Steng\u00e5rd och pianisten Ulf Esborn. Det blir k\u00e4nda psalmer i s\u00e5v\u00e4l nya som traditionella versioner.<\/p>\n<p>Den 20 april deltar Vindhemsk\u00f6ren i en k\u00f6rdag med Anders Nyberg, Jennifer Ferguson och Gabriel Nyberg. Vi kan f\u00f6rv\u00e4nta oss en h\u00e4rlig dag med mycket s\u00e5nggl\u00e4dje och engagemang. \u00c4ven detta i Gottsunda kyrka kl 18.<\/p>\n<p>Som vi har skrivit om p\u00e5 hemsidan tidigare bes\u00f6kte Vindhemsk\u00f6ren Estland i augusti f\u00f6rra \u00e5ret. D\u00e4r fick vi kontakt med Kihelkonnak\u00f6ren fr\u00e5n \u00d6sel. Vi gjorde en konsert tillsammans med dem och hade sen en trevlig kv\u00e4ll i hembygdsg\u00e5rden. Nu g\u00f6r de ett svarsbes\u00f6k i Sverige, och den 28 april g\u00f6r vi \u00e5ter en konsert tillsammans, nu i Vindhemskyrkan Sankta Birgitta.<\/p>\n<p>En v\u00e5r full av k\u00f6rmusik allts\u00e5! V\u00e4lkomna att delta i gudstj\u00e4nster och lyssna p\u00e5 v\u00e5ra konserter. Se \u00e4ven kalendariet p\u00e5 den h\u00e4r sidan.<\/p>\n<p>Du som vill b\u00f6rja sjunga i k\u00f6r eller funderar p\u00e5 att \u00e5teruppta ditt k\u00f6rintresse under 2024, g\u00e5 in under fliken Sjung med oss h\u00e4r p\u00e5 hemsidan och kontakta v\u00e5r k\u00f6rledare Peter Melin.<\/p>\n<\/div>\n<\/div><\/div><\/div><\/div><div id=\"pg-1061-1\"  class=\"panel-grid panel-no-style\" ><div id=\"pgc-1061-1-0\"  class=\"panel-grid-cell\" ><div id=\"panel-1061-1-0-0\" class=\"so-panel widget widget_sow-image panel-first-child panel-last-child\" data-index=\"1\" ><div\n\t\t\t\n\t\t\tclass=\"so-widget-sow-image so-widget-sow-image-default-8b5b6f678277-1061\"\n\t\t\t\n\t\t>\n<div class=\"sow-image-container\">\n\t\t<img \n\tsrc=\"https:\/\/www.vindhemskoren.se\/wordpress\/wp-content\/uploads\/2024\/03\/Tre-krokusar-scaled.jpg\" width=\"2135\" height=\"2560\" srcset=\"https:\/\/www.vindhemskoren.se\/wordpress\/wp-content\/uploads\/2024\/03\/Tre-krokusar-scaled.jpg 2135w, https:\/\/www.vindhemskoren.se\/wordpress\/wp-content\/uploads\/2024\/03\/Tre-krokusar-250x300.jpg 250w, https:\/\/www.vindhemskoren.se\/wordpress\/wp-content\/uploads\/2024\/03\/Tre-krokusar-854x1024.jpg 854w, https:\/\/www.vindhemskoren.se\/wordpress\/wp-content\/uploads\/2024\/03\/Tre-krokusar-768x921.jpg 768w, https:\/\/www.vindhemskoren.se\/wordpress\/wp-content\/uploads\/2024\/03\/Tre-krokusar-1281x1536.jpg 1281w, https:\/\/www.vindhemskoren.se\/wordpress\/wp-content\/uploads\/2024\/03\/Tre-krokusar-1708x2048.jpg 1708w\" sizes=\"(max-width: 2135px) 100vw, 2135px\" title=\"Tre krokusar\" alt=\"\" \t\tclass=\"so-widget-image\"\/>\n\t<\/div>\n\n<\/div><\/div><\/div><\/div><\/div>","protected":false},"excerpt":{"rendered":"<p>\u201dDet blir v\u00e5r igen, kan du k\u00e4nna den, hur det gror och kn\u00e4pper i marken?\u201d skriver poeten och l\u00e5tskrivaren Tommie Sew\u00f3n i en s\u00e5ngtext som k\u00e4nns v\u00e4ldigt aktuell just nu. Visst kan vi tycka att v\u00e5ren \u00e4r saktf\u00e4rdig och tveksam, &hellip; <a href=\"https:\/\/www.vindhemskoren.se\/wordpress\/?p=1061\">Forts\u00e4tt l\u00e4sa <span class=\"meta-nav\">&rarr;<\/span><\/a><\/p>\n","protected":false},"author":1,"featured_media":0,"comment_status":"closed","ping_status":"closed","sticky":false,"template":"","format":"standard","meta":{"_s2mail":"","footnotes":""},"categories":[1],"tags":[],"class_list":["post-1061","post","type-post","status-publish","format-standard","hentry","category-uncategorized"],"_links":{"self":[{"href":"https:\/\/www.vindhemskoren.se\/wordpress\/index.php?rest_route=\/wp\/v2\/posts\/1061","targetHints":{"allow":["GET"]}}],"collection":[{"href":"https:\/\/www.vindhemskoren.se\/wordpress\/index.php?rest_route=\/wp\/v2\/posts"}],"about":[{"href":"https:\/\/www.vindhemskoren.se\/wordpress\/index.php?rest_route=\/wp\/v2\/types\/post"}],"author":[{"embeddable":true,"href":"https:\/\/www.vindhemskoren.se\/wordpress\/index.php?rest_route=\/wp\/v2\/users\/1"}],"replies":[{"embeddable":true,"href":"https:\/\/www.vindhemskoren.se\/wordpress\/index.php?rest_route=%2Fwp%2Fv2%2Fcomments&post=1061"}],"version-history":[{"count":1,"href":"https:\/\/www.vindhemskoren.se\/wordpress\/index.php?rest_route=\/wp\/v2\/posts\/1061\/revisions"}],"predecessor-version":[{"id":1063,"href":"https:\/\/www.vindhemskoren.se\/wordpress\/index.php?rest_route=\/wp\/v2\/posts\/1061\/revisions\/1063"}],"wp:attachment":[{"href":"https:\/\/www.vindhemskoren.se\/wordpress\/index.php?rest_route=%2Fwp%2Fv2%2Fmedia&parent=1061"}],"wp:term":[{"taxonomy":"category","embeddable":true,"href":"https:\/\/www.vindhemskoren.se\/wordpress\/index.php?rest_route=%2Fwp%2Fv2%2Fcategories&post=1061"},{"taxonomy":"post_tag","embeddable":true,"href":"https:\/\/www.vindhemskoren.se\/wordpress\/index.php?rest_route=%2Fwp%2Fv2%2Ftags&post=1061"}],"curies":[{"name":"wp","href":"https:\/\/api.w.org\/{rel}","templated":true}]}}