{"id":1066,"date":"2024-06-04T11:23:33","date_gmt":"2024-06-04T09:23:33","guid":{"rendered":"https:\/\/www.vindhemskoren.se\/wordpress\/?p=1066"},"modified":"2024-06-04T11:23:33","modified_gmt":"2024-06-04T09:23:33","slug":"sommartoner-i-juni","status":"publish","type":"post","link":"https:\/\/www.vindhemskoren.se\/wordpress\/?p=1066","title":{"rendered":"Sommartoner i juni"},"content":{"rendered":"<div id=\"pl-1066\"  class=\"panel-layout\" ><div id=\"pg-1066-0\"  class=\"panel-grid panel-no-style\" ><div id=\"pgc-1066-0-0\"  class=\"panel-grid-cell panel-grid-cell-empty panel-grid-cell-mobile-last\" ><\/div><div id=\"pgc-1066-0-1\"  class=\"panel-grid-cell panel-grid-cell-empty\" ><\/div><\/div><div id=\"pg-1066-1\"  class=\"panel-grid panel-no-style\" ><div id=\"pgc-1066-1-0\"  class=\"panel-grid-cell\" ><div id=\"panel-1066-1-0-0\" class=\"so-panel widget widget_sow-editor panel-first-child\" data-index=\"0\" ><div\n\t\t\t\n\t\t\tclass=\"so-widget-sow-editor so-widget-sow-editor-base\"\n\t\t\t\n\t\t>\n<div class=\"siteorigin-widget-tinymce textwidget\">\n\t<p>V\u00e4dret har p\u00e5 senare tid liknat mer sommar \u00e4n v\u00e5r, men nu \u00e4r vi inne i den f\u00f6rsta riktiga sommarm\u00e5naden. Det ska f\u00f6rst\u00e5s uppm\u00e4rksammas, och Vindhemsk\u00f6ren g\u00f6r det genom en sommarkonsert, Nu gr\u00f6nskar det, l\u00f6rdag 8 juni kl 16 i Vindhemskyrkan.<\/p>\n<p>Vi bjuder p\u00e5 diverse somriga k\u00f6rs\u00e5nger och \u00e4ven n\u00e5gra alls\u00e5nger, d\u00e4r alla kan sjunga med. Bland alls\u00e5ngerna finns k\u00e4nda namn som Carl Michael Bellman, Evert Taube, Ted G\u00e4rdestad, Lasse Berghagen och Tomas Ledin.<\/p>\n<p>K\u00f6rs\u00e5ngen best\u00e5r av ett blandat program med klassiker som Hugo Alfv\u00e9n och Wilhelm Peterson-Berger men \u00e4ven nyare namn som Olle Adolphson, Bj\u00f6rn Afzelius och Anders Nyberg.<\/p>\n<p>Peter Melin leder k\u00f6ren och vid pianot finns Gunnar Gillfors. Fri entr\u00e9.<\/p>\n<p>Dagen d\u00e4rp\u00e5, s\u00f6ndag 9 juni, medverkar k\u00f6ren i h\u00f6gm\u00e4ssan i Vindhemskyrkan kl 11. P\u00e5 repertoaren st\u00e5r bland annat en eller ett par s\u00e5nger av Leif Nahnfeldt, musiker och pr\u00e4st, som \u00e4ven tj\u00e4nstg\u00f6r i gudstj\u00e4nsten d\u00e5.<\/p>\n<p>Varmt v\u00e4lkomna till sommarkonsert och gudstj\u00e4nst i Vindhemskyrkan!<\/p>\n<p>D\u00e4refter f\u00e5r k\u00f6ren \u201dsommarlov\u201d men har sin sedvanliga k\u00f6rvecka i b\u00f6rjan av augusti, i \u00e5r p\u00e5 L\u00f6ftadalens folkh\u00f6gskola i norra Halland.<\/p>\n<p>Du som vill b\u00f6rja sjunga i k\u00f6r eller funderar p\u00e5 att \u00e5teruppta ditt k\u00f6rintresse till h\u00f6sten, g\u00e5 in under fliken Sjung med oss h\u00e4r p\u00e5 hemsidan och kontakta v\u00e5r k\u00f6rledare Peter Melin<\/p>\n<\/div>\n<\/div><\/div><div id=\"panel-1066-1-0-1\" class=\"so-panel widget widget_sow-image panel-last-child\" data-index=\"1\" ><div\n\t\t\t\n\t\t\tclass=\"so-widget-sow-image so-widget-sow-image-default-8b5b6f678277-1066\"\n\t\t\t\n\t\t>\n<div class=\"sow-image-container\">\n\t\t<img \n\tsrc=\"https:\/\/www.vindhemskoren.se\/wordpress\/wp-content\/uploads\/2024\/06\/Varkonsert-2024-affisch.jpg\" width=\"600\" height=\"800\" srcset=\"https:\/\/www.vindhemskoren.se\/wordpress\/wp-content\/uploads\/2024\/06\/Varkonsert-2024-affisch.jpg 600w, https:\/\/www.vindhemskoren.se\/wordpress\/wp-content\/uploads\/2024\/06\/Varkonsert-2024-affisch-225x300.jpg 225w\" sizes=\"(max-width: 600px) 100vw, 600px\" title=\"V\u00e5rkonsert 2024 affisch\" alt=\"\" \t\tclass=\"so-widget-image\"\/>\n\t<\/div>\n\n<\/div><\/div><\/div><\/div><div id=\"pg-1066-2\"  class=\"panel-grid panel-no-style\" ><div id=\"pgc-1066-2-0\"  class=\"panel-grid-cell panel-grid-cell-empty\" ><\/div><\/div><\/div>","protected":false},"excerpt":{"rendered":"<p>V\u00e4dret har p\u00e5 senare tid liknat mer sommar \u00e4n v\u00e5r, men nu \u00e4r vi inne i den f\u00f6rsta riktiga sommarm\u00e5naden. Det ska f\u00f6rst\u00e5s uppm\u00e4rksammas, och Vindhemsk\u00f6ren g\u00f6r det genom en sommarkonsert, Nu gr\u00f6nskar det, l\u00f6rdag 8 juni kl 16 i &hellip; <a href=\"https:\/\/www.vindhemskoren.se\/wordpress\/?p=1066\">Forts\u00e4tt l\u00e4sa <span class=\"meta-nav\">&rarr;<\/span><\/a><\/p>\n","protected":false},"author":1,"featured_media":0,"comment_status":"closed","ping_status":"closed","sticky":false,"template":"","format":"standard","meta":{"_s2mail":"","footnotes":""},"categories":[1],"tags":[],"class_list":["post-1066","post","type-post","status-publish","format-standard","hentry","category-uncategorized"],"_links":{"self":[{"href":"https:\/\/www.vindhemskoren.se\/wordpress\/index.php?rest_route=\/wp\/v2\/posts\/1066","targetHints":{"allow":["GET"]}}],"collection":[{"href":"https:\/\/www.vindhemskoren.se\/wordpress\/index.php?rest_route=\/wp\/v2\/posts"}],"about":[{"href":"https:\/\/www.vindhemskoren.se\/wordpress\/index.php?rest_route=\/wp\/v2\/types\/post"}],"author":[{"embeddable":true,"href":"https:\/\/www.vindhemskoren.se\/wordpress\/index.php?rest_route=\/wp\/v2\/users\/1"}],"replies":[{"embeddable":true,"href":"https:\/\/www.vindhemskoren.se\/wordpress\/index.php?rest_route=%2Fwp%2Fv2%2Fcomments&post=1066"}],"version-history":[{"count":2,"href":"https:\/\/www.vindhemskoren.se\/wordpress\/index.php?rest_route=\/wp\/v2\/posts\/1066\/revisions"}],"predecessor-version":[{"id":1069,"href":"https:\/\/www.vindhemskoren.se\/wordpress\/index.php?rest_route=\/wp\/v2\/posts\/1066\/revisions\/1069"}],"wp:attachment":[{"href":"https:\/\/www.vindhemskoren.se\/wordpress\/index.php?rest_route=%2Fwp%2Fv2%2Fmedia&parent=1066"}],"wp:term":[{"taxonomy":"category","embeddable":true,"href":"https:\/\/www.vindhemskoren.se\/wordpress\/index.php?rest_route=%2Fwp%2Fv2%2Fcategories&post=1066"},{"taxonomy":"post_tag","embeddable":true,"href":"https:\/\/www.vindhemskoren.se\/wordpress\/index.php?rest_route=%2Fwp%2Fv2%2Ftags&post=1066"}],"curies":[{"name":"wp","href":"https:\/\/api.w.org\/{rel}","templated":true}]}}