{"id":1078,"date":"2024-10-01T18:46:49","date_gmt":"2024-10-01T16:46:49","guid":{"rendered":"https:\/\/www.vindhemskoren.se\/wordpress\/?p=1078"},"modified":"2024-10-01T18:46:49","modified_gmt":"2024-10-01T16:46:49","slug":"en-starkande-korhelg","status":"publish","type":"post","link":"https:\/\/www.vindhemskoren.se\/wordpress\/?p=1078","title":{"rendered":"En st\u00e4rkande k\u00f6rhelg"},"content":{"rendered":"<div id=\"pl-1078\"  class=\"panel-layout\" ><div id=\"pg-1078-0\"  class=\"panel-grid panel-no-style\" ><div id=\"pgc-1078-0-0\"  class=\"panel-grid-cell\" ><div id=\"panel-1078-0-0-0\" class=\"so-panel widget widget_sow-editor panel-first-child panel-last-child\" data-index=\"0\" ><div\n\t\t\t\n\t\t\tclass=\"so-widget-sow-editor so-widget-sow-editor-base\"\n\t\t\t\n\t\t>\n<div class=\"siteorigin-widget-tinymce textwidget\">\n\t<p>Str\u00e5lande sol och stj\u00e4rnklar natt \u2013 det kunde Vindhemsk\u00f6rens medlemmar f\u00e5 uppleva den g\u00e5ngna helgen, n\u00e4r vi hade ett par \u00f6vningsdagar p\u00e5 V\u00e4dd\u00f6 kursg\u00e5rd. H\u00e4r kunde vi \u00f6va intensivt inf\u00f6r v\u00e5r kommande st\u00f6rre konsert: Bachs Juloratoriet, del IV-VI. Konserten \u00e4ger rum i domkyrkan den 4 januari 2025, s\u00e5 \u00e4nnu finns det tid att \u00f6va vidare p\u00e5 de stora k\u00f6rsatserna och vackra koralerna.<\/p>\n<p>Till v\u00e5r hj\u00e4lp hade vi under helgen bes\u00f6k av Karin Ingeb\u00e4ck, operas\u00e5ngerska och s\u00e5ngpedagog, som vid m\u00e5nga tillf\u00e4llen har v\u00e4glett Vindhemskoristerna genom kniviga musikaliska utmaningar. Karin har \u00e4ven varit sopransolist vid ett flertal av k\u00f6rens konserter. Hon gav nu undervisning och r\u00e5d b\u00e5de till k\u00f6ren som helhet och till varje st\u00e4mma f\u00f6r sig.<\/p>\n<p>Omv\u00e4xlande med v\u00e5ra idoga \u00f6vningspass kunde vi njuta av h\u00e4rliga m\u00e5ltider, fin natur och inte minst n\u00e4rheten till havet. Ett par modiga korister tog \u00e4ven n\u00e4rkontakt med det kyliga vattnet.<\/p>\n<p>St\u00e4rkta efter en inspirerande k\u00f6rhelg \u00e5terg\u00e5r vi nu till torsdagskv\u00e4llarnas repetitioner i Vindhemskyrkan. N\u00e4sta g\u00e5ng vi medverkar i en gudstj\u00e4nst \u00e4r 3 november kl 11, som \u00e4r s\u00f6ndagen efter Alla helgons dag, eller Alla sj\u00e4lars dag som den ocks\u00e5 kallas. Temat f\u00f6r s\u00f6ndagen \u00e4r V\u00e5rt evighetshopp.<\/p>\n<p>Du som vill b\u00f6rja sjunga i k\u00f6r eller funderar p\u00e5 att \u00e5teruppta ditt k\u00f6rintresse i h\u00f6st, g\u00e5 in under fliken Sjung med oss h\u00e4r p\u00e5 hemsidan och kontakta v\u00e5r k\u00f6rledare Peter Melin.<\/p>\n<\/div>\n<\/div><\/div><\/div><\/div><div id=\"pg-1078-1\"  class=\"panel-grid panel-no-style\" ><div id=\"pgc-1078-1-0\"  class=\"panel-grid-cell\" ><div id=\"panel-1078-1-0-0\" class=\"so-panel widget widget_sow-image panel-first-child panel-last-child\" data-index=\"1\" ><div\n\t\t\t\n\t\t\tclass=\"so-widget-sow-image so-widget-sow-image-default-8b5b6f678277-1078\"\n\t\t\t\n\t\t>\n<div class=\"sow-image-container\">\n\t\t<img \n\tsrc=\"https:\/\/www.vindhemskoren.se\/wordpress\/wp-content\/uploads\/2024\/10\/Korhelg-pa-Vaddo-1-scaled.jpg\" width=\"2560\" height=\"1707\" srcset=\"https:\/\/www.vindhemskoren.se\/wordpress\/wp-content\/uploads\/2024\/10\/Korhelg-pa-Vaddo-1-scaled.jpg 2560w, https:\/\/www.vindhemskoren.se\/wordpress\/wp-content\/uploads\/2024\/10\/Korhelg-pa-Vaddo-1-300x200.jpg 300w, https:\/\/www.vindhemskoren.se\/wordpress\/wp-content\/uploads\/2024\/10\/Korhelg-pa-Vaddo-1-1024x683.jpg 1024w, https:\/\/www.vindhemskoren.se\/wordpress\/wp-content\/uploads\/2024\/10\/Korhelg-pa-Vaddo-1-768x512.jpg 768w, https:\/\/www.vindhemskoren.se\/wordpress\/wp-content\/uploads\/2024\/10\/Korhelg-pa-Vaddo-1-1536x1024.jpg 1536w, https:\/\/www.vindhemskoren.se\/wordpress\/wp-content\/uploads\/2024\/10\/Korhelg-pa-Vaddo-1-2048x1365.jpg 2048w, https:\/\/www.vindhemskoren.se\/wordpress\/wp-content\/uploads\/2024\/10\/Korhelg-pa-Vaddo-1-450x300.jpg 450w, https:\/\/www.vindhemskoren.se\/wordpress\/wp-content\/uploads\/2024\/10\/Korhelg-pa-Vaddo-1-272x182.jpg 272w\" sizes=\"(max-width: 2560px) 100vw, 2560px\" title=\"K\u00f6rhelg p\u00e5 V\u00e4dd\u00f6 (1)\" alt=\"\" \t\tclass=\"so-widget-image\"\/>\n\t<\/div>\n\n<\/div><\/div><\/div><\/div><\/div>","protected":false},"excerpt":{"rendered":"<p>Str\u00e5lande sol och stj\u00e4rnklar natt \u2013 det kunde Vindhemsk\u00f6rens medlemmar f\u00e5 uppleva den g\u00e5ngna helgen, n\u00e4r vi hade ett par \u00f6vningsdagar p\u00e5 V\u00e4dd\u00f6 kursg\u00e5rd. H\u00e4r kunde vi \u00f6va intensivt inf\u00f6r v\u00e5r kommande st\u00f6rre konsert: Bachs Juloratoriet, del IV-VI. Konserten \u00e4ger &hellip; <a href=\"https:\/\/www.vindhemskoren.se\/wordpress\/?p=1078\">Forts\u00e4tt l\u00e4sa <span class=\"meta-nav\">&rarr;<\/span><\/a><\/p>\n","protected":false},"author":1,"featured_media":0,"comment_status":"closed","ping_status":"closed","sticky":false,"template":"","format":"standard","meta":{"_s2mail":"","footnotes":""},"categories":[1],"tags":[],"class_list":["post-1078","post","type-post","status-publish","format-standard","hentry","category-uncategorized"],"_links":{"self":[{"href":"https:\/\/www.vindhemskoren.se\/wordpress\/index.php?rest_route=\/wp\/v2\/posts\/1078","targetHints":{"allow":["GET"]}}],"collection":[{"href":"https:\/\/www.vindhemskoren.se\/wordpress\/index.php?rest_route=\/wp\/v2\/posts"}],"about":[{"href":"https:\/\/www.vindhemskoren.se\/wordpress\/index.php?rest_route=\/wp\/v2\/types\/post"}],"author":[{"embeddable":true,"href":"https:\/\/www.vindhemskoren.se\/wordpress\/index.php?rest_route=\/wp\/v2\/users\/1"}],"replies":[{"embeddable":true,"href":"https:\/\/www.vindhemskoren.se\/wordpress\/index.php?rest_route=%2Fwp%2Fv2%2Fcomments&post=1078"}],"version-history":[{"count":1,"href":"https:\/\/www.vindhemskoren.se\/wordpress\/index.php?rest_route=\/wp\/v2\/posts\/1078\/revisions"}],"predecessor-version":[{"id":1080,"href":"https:\/\/www.vindhemskoren.se\/wordpress\/index.php?rest_route=\/wp\/v2\/posts\/1078\/revisions\/1080"}],"wp:attachment":[{"href":"https:\/\/www.vindhemskoren.se\/wordpress\/index.php?rest_route=%2Fwp%2Fv2%2Fmedia&parent=1078"}],"wp:term":[{"taxonomy":"category","embeddable":true,"href":"https:\/\/www.vindhemskoren.se\/wordpress\/index.php?rest_route=%2Fwp%2Fv2%2Fcategories&post=1078"},{"taxonomy":"post_tag","embeddable":true,"href":"https:\/\/www.vindhemskoren.se\/wordpress\/index.php?rest_route=%2Fwp%2Fv2%2Ftags&post=1078"}],"curies":[{"name":"wp","href":"https:\/\/api.w.org\/{rel}","templated":true}]}}