{"id":1087,"date":"2024-11-25T18:16:45","date_gmt":"2024-11-25T17:16:45","guid":{"rendered":"https:\/\/www.vindhemskoren.se\/wordpress\/?p=1087"},"modified":"2024-11-25T18:16:45","modified_gmt":"2024-11-25T17:16:45","slug":"nyar-i-kyrkan","status":"publish","type":"post","link":"https:\/\/www.vindhemskoren.se\/wordpress\/?p=1087","title":{"rendered":"Ny\u00e5r i kyrkan"},"content":{"rendered":"<div id=\"pl-1087\"  class=\"panel-layout\" ><div id=\"pg-1087-0\"  class=\"panel-grid panel-no-style\" ><div id=\"pgc-1087-0-0\"  class=\"panel-grid-cell\" ><div id=\"panel-1087-0-0-0\" class=\"so-panel widget widget_sow-editor panel-first-child panel-last-child\" data-index=\"0\" ><div\n\t\t\t\n\t\t\tclass=\"so-widget-sow-editor so-widget-sow-editor-base\"\n\t\t\t\n\t\t>\n<div class=\"siteorigin-widget-tinymce textwidget\">\n\t<p>Snart b\u00f6rjar ett nytt \u00e5r! Allts\u00e5 inte ett kalender\u00e5r, det dr\u00f6jer \u00e4nnu lite grann, men p\u00e5 f\u00f6rsta advent inleds det nya kyrko\u00e5ret. \u00c4ven i \u00e5r firar vi dagen i Vindhemskyrkan Sankta Birgitta s\u00f6ndag 1 december kl 11. Som alltid medverkar Vindhemsk\u00f6ren och sjunger adventss\u00e5ngerna om ljuset som k\u00e4mpar mot m\u00f6rkret och om Jesus, \u2019Davids son\u2019, som rider in i Jerusalem. Varmt v\u00e4lkomna att delta i gudstj\u00e4nstens s\u00e5nger och texter!<br \/>\nEnligt tradition bjuder Vindhemsk\u00f6ren p\u00e5 kyrkkaffe i f\u00f6rsamlingshemmet efter gudstj\u00e4nsten. D\u00e4r bjuds b\u00e5de p\u00e5 hembakta saffransbullar och festliga t\u00e5rtor. Sannolikt blir det ocks\u00e5 ytterligare n\u00e5gra s\u00e5nger av k\u00f6ren.<\/p>\n<p>N\u00e5gon m\u00e5nad senare inleds ocks\u00e5 ett nytt kalender\u00e5r, och redan l\u00f6rdag 4 januari kl 19 ger Vindhemsk\u00f6ren, Vokalensemblen Uppslaget och Stefanosk\u00f6ren konsert i domkyrkan. D\u00e5 framf\u00f6r de tre k\u00f6rerna Bachs Juloratorium, del IV-VI, allts\u00e5 en forts\u00e4ttning fr\u00e5n f\u00f6rsta advent, d\u00e5 Collegium Cantorum sjunger del I-III. Biljetter kan redan nu k\u00f6pas p\u00e5 nortic.se. Varf\u00f6r inte ge bort en biljett i julklapp?<\/p>\n<p>Du som vill b\u00f6rja sjunga i k\u00f6r eller funderar p\u00e5 att \u00e5teruppta ditt k\u00f6rintresse under 2025, g\u00e5 in under fliken Sjung med oss h\u00e4r p\u00e5 hemsidan och kontakta v\u00e5r k\u00f6rledare Peter Melin.<\/p>\n<\/div>\n<\/div><\/div><\/div><\/div><div id=\"pg-1087-1\"  class=\"panel-grid panel-no-style\" ><div id=\"pgc-1087-1-0\"  class=\"panel-grid-cell\" ><div id=\"panel-1087-1-0-0\" class=\"so-panel widget widget_sow-image panel-first-child panel-last-child\" data-index=\"1\" ><div\n\t\t\t\n\t\t\tclass=\"so-widget-sow-image so-widget-sow-image-default-dbf295114b96-1087\"\n\t\t\t\n\t\t>\n<div class=\"sow-image-container\">\n\t\t<img \n\tsrc=\"https:\/\/www.vindhemskoren.se\/wordpress\/wp-content\/uploads\/2024\/11\/Juloratoriet-2025.jpg\" width=\"526\" height=\"275\" srcset=\"https:\/\/www.vindhemskoren.se\/wordpress\/wp-content\/uploads\/2024\/11\/Juloratoriet-2025.jpg 526w, https:\/\/www.vindhemskoren.se\/wordpress\/wp-content\/uploads\/2024\/11\/Juloratoriet-2025-300x157.jpg 300w, https:\/\/www.vindhemskoren.se\/wordpress\/wp-content\/uploads\/2024\/11\/Juloratoriet-2025-500x261.jpg 500w\" sizes=\"(max-width: 526px) 100vw, 526px\" title=\"Juloratoriet 2025\" alt=\"\" \t\tclass=\"so-widget-image\"\/>\n\t<\/div>\n\n<\/div><\/div><\/div><\/div><\/div>","protected":false},"excerpt":{"rendered":"<p>Snart b\u00f6rjar ett nytt \u00e5r! Allts\u00e5 inte ett kalender\u00e5r, det dr\u00f6jer \u00e4nnu lite grann, men p\u00e5 f\u00f6rsta advent inleds det nya kyrko\u00e5ret. \u00c4ven i \u00e5r firar vi dagen i Vindhemskyrkan Sankta Birgitta s\u00f6ndag 1 december kl 11. Som alltid medverkar &hellip; <a href=\"https:\/\/www.vindhemskoren.se\/wordpress\/?p=1087\">Forts\u00e4tt l\u00e4sa <span class=\"meta-nav\">&rarr;<\/span><\/a><\/p>\n","protected":false},"author":1,"featured_media":0,"comment_status":"closed","ping_status":"closed","sticky":false,"template":"","format":"standard","meta":{"_s2mail":"","footnotes":""},"categories":[1],"tags":[],"class_list":["post-1087","post","type-post","status-publish","format-standard","hentry","category-uncategorized"],"_links":{"self":[{"href":"https:\/\/www.vindhemskoren.se\/wordpress\/index.php?rest_route=\/wp\/v2\/posts\/1087","targetHints":{"allow":["GET"]}}],"collection":[{"href":"https:\/\/www.vindhemskoren.se\/wordpress\/index.php?rest_route=\/wp\/v2\/posts"}],"about":[{"href":"https:\/\/www.vindhemskoren.se\/wordpress\/index.php?rest_route=\/wp\/v2\/types\/post"}],"author":[{"embeddable":true,"href":"https:\/\/www.vindhemskoren.se\/wordpress\/index.php?rest_route=\/wp\/v2\/users\/1"}],"replies":[{"embeddable":true,"href":"https:\/\/www.vindhemskoren.se\/wordpress\/index.php?rest_route=%2Fwp%2Fv2%2Fcomments&post=1087"}],"version-history":[{"count":6,"href":"https:\/\/www.vindhemskoren.se\/wordpress\/index.php?rest_route=\/wp\/v2\/posts\/1087\/revisions"}],"predecessor-version":[{"id":1094,"href":"https:\/\/www.vindhemskoren.se\/wordpress\/index.php?rest_route=\/wp\/v2\/posts\/1087\/revisions\/1094"}],"wp:attachment":[{"href":"https:\/\/www.vindhemskoren.se\/wordpress\/index.php?rest_route=%2Fwp%2Fv2%2Fmedia&parent=1087"}],"wp:term":[{"taxonomy":"category","embeddable":true,"href":"https:\/\/www.vindhemskoren.se\/wordpress\/index.php?rest_route=%2Fwp%2Fv2%2Fcategories&post=1087"},{"taxonomy":"post_tag","embeddable":true,"href":"https:\/\/www.vindhemskoren.se\/wordpress\/index.php?rest_route=%2Fwp%2Fv2%2Ftags&post=1087"}],"curies":[{"name":"wp","href":"https:\/\/api.w.org\/{rel}","templated":true}]}}