{"id":1103,"date":"2025-02-06T10:06:25","date_gmt":"2025-02-06T09:06:25","guid":{"rendered":"https:\/\/www.vindhemskoren.se\/wordpress\/?p=1103"},"modified":"2025-02-06T10:06:25","modified_gmt":"2025-02-06T09:06:25","slug":"korsang-och-ljus-i-vintertid","status":"publish","type":"post","link":"https:\/\/www.vindhemskoren.se\/wordpress\/?p=1103","title":{"rendered":"K\u00f6rs\u00e5ng och ljus i vintertid"},"content":{"rendered":"<div id=\"pl-1103\"  class=\"panel-layout\" ><div id=\"pg-1103-0\"  class=\"panel-grid panel-no-style\" ><div id=\"pgc-1103-0-0\"  class=\"panel-grid-cell\" ><div id=\"panel-1103-0-0-0\" class=\"so-panel widget widget_sow-editor panel-first-child panel-last-child\" data-index=\"0\" ><div\n\t\t\t\n\t\t\tclass=\"so-widget-sow-editor so-widget-sow-editor-base\"\n\t\t\t\n\t\t>\n<div class=\"siteorigin-widget-tinymce textwidget\">\n\t<p>Det nya \u00e5ret har g\u00e5tt in i februari m\u00e5nad, och Vindhemsk\u00f6ren har \u00e5terupptagit sin verksamhet. S\u00f6ndag 9 februari medverkar k\u00f6ren i gudstj\u00e4nsten i Vindhemskyrkan. Det \u00e4r femte s\u00f6ndagen efter trettondagen, och dagens tema \u00e4r S\u00e5dd och sk\u00f6rd.<\/p>\n<p>Den 2 februari firades kyndelsm\u00e4ssodagen med temat Uppenbarelsens ljus. Dagen har f\u00e5tt sitt namn efter det gamla svenska ordet f\u00f6r ljus, kyndel, som vi ocks\u00e5 hittar i engelskans candle. I Vindhemskyrkan samlades d\u00e5 s\u00e5ngare fr\u00e5n alla vuxenk\u00f6rer som \u00f6var i Vindhem (Vindhemsk\u00f6ren, Stefanosk\u00f6ren, Canzonetta, Fyris kammark\u00f6r och Totalensemblen). Efter en gemensam \u00f6vning p\u00e5 eftermiddagen h\u00f6lls p\u00e5 kv\u00e4llen en utomhuskonsert p\u00e5 kyrkans g\u00e5rd med andakt av Ann-Katrin Bosbach. Flera korister och bes\u00f6kare hade med sig ljuslyktor som placerades ute p\u00e5 g\u00e5rden. B\u00e5de lyktorna och k\u00f6rs\u00e5ngen gjorde sitt b\u00e4sta f\u00f6r att v\u00e4rma och lysa upp den ganska kylslagna kv\u00e4llen.<\/p>\n<p>Ett st\u00f6rre projekt som Vindhemsk\u00f6ren deltar i \u00e4r en k\u00f6rdag i domkyrkan den 8 mars som anordnas av Kyrkos\u00e5ngsf\u00f6rbundet i Uppsala stift och studief\u00f6rbundet Sensus. P\u00e5 repertoaren st\u00e5r d\u00e5 musik av br\u00f6derna Joseph och Michael Haydn.<\/p>\n<p>Varmt v\u00e4lkommen till gudstj\u00e4nster och konserter! Se ocks\u00e5 kalendariet p\u00e5 denna sida.<\/p>\n<p>Du som vill b\u00f6rja sjunga i k\u00f6r eller funderar p\u00e5 att \u00e5teruppta ditt k\u00f6rintresse under 2025, g\u00e5 in under fliken Sjung med oss h\u00e4r p\u00e5 hemsidan och kontakta v\u00e5r k\u00f6rledare Peter Melin.<\/p>\n<\/div>\n<\/div><\/div><\/div><\/div><div id=\"pg-1103-1\"  class=\"panel-grid panel-no-style\" ><div id=\"pgc-1103-1-0\"  class=\"panel-grid-cell\" ><div id=\"panel-1103-1-0-0\" class=\"so-panel widget widget_sow-image panel-first-child panel-last-child\" data-index=\"1\" ><div\n\t\t\t\n\t\t\tclass=\"so-widget-sow-image so-widget-sow-image-default-8b5b6f678277-1103\"\n\t\t\t\n\t\t>\n<div class=\"sow-image-container\">\n\t\t<img \n\tsrc=\"https:\/\/www.vindhemskoren.se\/wordpress\/wp-content\/uploads\/2025\/02\/fb-bildHaydnoter-scaled.jpg\" width=\"2549\" height=\"2560\" srcset=\"https:\/\/www.vindhemskoren.se\/wordpress\/wp-content\/uploads\/2025\/02\/fb-bildHaydnoter-scaled.jpg 2549w, https:\/\/www.vindhemskoren.se\/wordpress\/wp-content\/uploads\/2025\/02\/fb-bildHaydnoter-300x300.jpg 300w, https:\/\/www.vindhemskoren.se\/wordpress\/wp-content\/uploads\/2025\/02\/fb-bildHaydnoter-1020x1024.jpg 1020w, https:\/\/www.vindhemskoren.se\/wordpress\/wp-content\/uploads\/2025\/02\/fb-bildHaydnoter-150x150.jpg 150w, https:\/\/www.vindhemskoren.se\/wordpress\/wp-content\/uploads\/2025\/02\/fb-bildHaydnoter-768x771.jpg 768w, https:\/\/www.vindhemskoren.se\/wordpress\/wp-content\/uploads\/2025\/02\/fb-bildHaydnoter-1529x1536.jpg 1529w, https:\/\/www.vindhemskoren.se\/wordpress\/wp-content\/uploads\/2025\/02\/fb-bildHaydnoter-2039x2048.jpg 2039w, https:\/\/www.vindhemskoren.se\/wordpress\/wp-content\/uploads\/2025\/02\/fb-bildHaydnoter-299x300.jpg 299w\" sizes=\"(max-width: 2549px) 100vw, 2549px\" title=\"fb-bildHaydnoter\" alt=\"\" \t\tclass=\"so-widget-image\"\/>\n\t<\/div>\n\n<\/div><\/div><\/div><\/div><\/div>","protected":false},"excerpt":{"rendered":"<p>Det nya \u00e5ret har g\u00e5tt in i februari m\u00e5nad, och Vindhemsk\u00f6ren har \u00e5terupptagit sin verksamhet. S\u00f6ndag 9 februari medverkar k\u00f6ren i gudstj\u00e4nsten i Vindhemskyrkan. Det \u00e4r femte s\u00f6ndagen efter trettondagen, och dagens tema \u00e4r S\u00e5dd och sk\u00f6rd. Den 2 februari &hellip; <a href=\"https:\/\/www.vindhemskoren.se\/wordpress\/?p=1103\">Forts\u00e4tt l\u00e4sa <span class=\"meta-nav\">&rarr;<\/span><\/a><\/p>\n","protected":false},"author":1,"featured_media":0,"comment_status":"closed","ping_status":"closed","sticky":false,"template":"","format":"standard","meta":{"_s2mail":"","footnotes":""},"categories":[1],"tags":[],"class_list":["post-1103","post","type-post","status-publish","format-standard","hentry","category-uncategorized"],"_links":{"self":[{"href":"https:\/\/www.vindhemskoren.se\/wordpress\/index.php?rest_route=\/wp\/v2\/posts\/1103","targetHints":{"allow":["GET"]}}],"collection":[{"href":"https:\/\/www.vindhemskoren.se\/wordpress\/index.php?rest_route=\/wp\/v2\/posts"}],"about":[{"href":"https:\/\/www.vindhemskoren.se\/wordpress\/index.php?rest_route=\/wp\/v2\/types\/post"}],"author":[{"embeddable":true,"href":"https:\/\/www.vindhemskoren.se\/wordpress\/index.php?rest_route=\/wp\/v2\/users\/1"}],"replies":[{"embeddable":true,"href":"https:\/\/www.vindhemskoren.se\/wordpress\/index.php?rest_route=%2Fwp%2Fv2%2Fcomments&post=1103"}],"version-history":[{"count":3,"href":"https:\/\/www.vindhemskoren.se\/wordpress\/index.php?rest_route=\/wp\/v2\/posts\/1103\/revisions"}],"predecessor-version":[{"id":1107,"href":"https:\/\/www.vindhemskoren.se\/wordpress\/index.php?rest_route=\/wp\/v2\/posts\/1103\/revisions\/1107"}],"wp:attachment":[{"href":"https:\/\/www.vindhemskoren.se\/wordpress\/index.php?rest_route=%2Fwp%2Fv2%2Fmedia&parent=1103"}],"wp:term":[{"taxonomy":"category","embeddable":true,"href":"https:\/\/www.vindhemskoren.se\/wordpress\/index.php?rest_route=%2Fwp%2Fv2%2Fcategories&post=1103"},{"taxonomy":"post_tag","embeddable":true,"href":"https:\/\/www.vindhemskoren.se\/wordpress\/index.php?rest_route=%2Fwp%2Fv2%2Ftags&post=1103"}],"curies":[{"name":"wp","href":"https:\/\/api.w.org\/{rel}","templated":true}]}}