{"id":1169,"date":"2026-03-02T11:42:43","date_gmt":"2026-03-02T10:42:43","guid":{"rendered":"https:\/\/www.vindhemskoren.se\/wordpress\/?p=1169"},"modified":"2026-03-02T11:42:43","modified_gmt":"2026-03-02T10:42:43","slug":"handelserik-kor-var","status":"publish","type":"post","link":"https:\/\/www.vindhemskoren.se\/wordpress\/?p=1169","title":{"rendered":"H\u00e4ndelserik k\u00f6r-v\u00e5r"},"content":{"rendered":"<div id=\"pl-1169\"  class=\"panel-layout\" ><div id=\"pg-1169-0\"  class=\"panel-grid panel-no-style\" ><div id=\"pgc-1169-0-0\"  class=\"panel-grid-cell\" ><div id=\"panel-1169-0-0-0\" class=\"so-panel widget widget_sow-editor panel-first-child panel-last-child\" data-index=\"0\" ><div\n\t\t\t\n\t\t\tclass=\"so-widget-sow-editor so-widget-sow-editor-base\"\n\t\t\t\n\t\t>\n<div class=\"siteorigin-widget-tinymce textwidget\">\n\t<p>Sn\u00f6n sm\u00e4lter, termometern visar plusgrader och dagarna blir l\u00e4ngre. V\u00e4dret kan fortfarande v\u00e4xla fr\u00e5n kyla till ljumma dagar, men att v\u00e5ren nalkas \u00e4r oveders\u00e4gligt.<\/p>\n<p>Vindhemsk\u00f6rens v\u00e5rkonsert ligger en bra bit fram i tiden, men den som l\u00e4ngtar efter mycket k\u00f6rs\u00e5ng inbjuds att komma till Gottsunda kyrka l\u00f6rdagen 7 mars kl 18. Under rubriken K\u00e4rleken, musiken och m\u00e4nniskan ges d\u00e4r en konsert med ett stort antal medverkande k\u00f6rer fr\u00e5n Uppsala stift, d\u00e4ribland f\u00f6rst\u00e5s Vindhemsk\u00f6ren.<\/p>\n<p>Programmet \u00e4r blandat med komposit\u00f6rer som Karl Jenkins, Maurice Durufl\u00e9, Olle Adolphson och Fredrik Kempe. Konserten leds av f\u00f6rbundsdirigent Tony Margeta. Dessutom medverkar Gunnar Gillfors, organist i Gottsunda f\u00f6rsamling, och en str\u00e5kensemble under ledning av Anna Kroeker.<\/p>\n<p>Konserten arrangeras av Kyrkos\u00e5ngsf\u00f6rbundet Uppsala stift i samarbete med Sensus och Gottsunda f\u00f6rsamling. Fritt intr\u00e4de.<\/p>\n<p>Redan s\u00f6ndagen 15 mars g\u00f6r Vindhemsk\u00f6ren ett nytt framtr\u00e4dande och medverkar d\u00e5 med s\u00e5ng vid h\u00f6gm\u00e4ssan i Slottskyrkan i Stockholm! Den s\u00f6ndagen leds gudstj\u00e4nsten n\u00e4mligen av Eva Sundelin Isaksson, som \u00e4r en av Svenska kyrkans hovpredikanter. Sedan n\u00e5gra \u00e5r sjunger Eva ocks\u00e5 i k\u00f6rens altst\u00e4mma och har bjudit in k\u00f6ren. De cirka 20 hovpredikanterna i landet representerar Svenska kyrkans samtliga stift. Var och en ansvarar f\u00f6r tv\u00e5-tre gudstj\u00e4nster per \u00e5r i Slottskapellet.<br \/>\n\u2013 Jag fick uppdraget som hovpredikant 1999 och var d\u00e5 pr\u00e4st i H\u00e4rn\u00f6sands stift. Numera \u00e4r jag bosatt i Uppsala, och det k\u00e4nns extra roligt att f\u00e5 f\u00f6resl\u00e5 medverkan \u201dhemifr\u00e5n\u201d, s\u00e4ger Eva.<\/p>\n<p>N\u00e5gra veckor senare firar vi p\u00e5sk, och d\u00e5 framtr\u00e4der Vindhemsk\u00f6ren och Stefanosk\u00f6ren vid gudstj\u00e4nsterna i Vindhemskyrkan p\u00e5 l\u00e5ngfredagen 3 april och p\u00e5skdagen 5 april.<\/p>\n<p>Varmt v\u00e4lkommen till gudstj\u00e4nster och konserter! Se ocks\u00e5 kalendariet p\u00e5 denna sida.<\/p>\n<p>______________________________<\/p>\n<p>Du som under 2026 vill b\u00f6rja sjunga i k\u00f6r eller funderar p\u00e5 att \u00e5teruppta ditt k\u00f6rintresse, g\u00e5 in under fliken Sjung med oss h\u00e4r p\u00e5 hemsidan och kontakta v\u00e5r k\u00f6rledare Peter Melin.<\/p>\n<\/div>\n<\/div><\/div><\/div><\/div><\/div>","protected":false},"excerpt":{"rendered":"<p>Sn\u00f6n sm\u00e4lter, termometern visar plusgrader och dagarna blir l\u00e4ngre. V\u00e4dret kan fortfarande v\u00e4xla fr\u00e5n kyla till ljumma dagar, men att v\u00e5ren nalkas \u00e4r oveders\u00e4gligt. Vindhemsk\u00f6rens v\u00e5rkonsert ligger en bra bit fram i tiden, men den som l\u00e4ngtar efter mycket k\u00f6rs\u00e5ng &hellip; <a href=\"https:\/\/www.vindhemskoren.se\/wordpress\/?p=1169\">Forts\u00e4tt l\u00e4sa <span class=\"meta-nav\">&rarr;<\/span><\/a><\/p>\n","protected":false},"author":1,"featured_media":0,"comment_status":"closed","ping_status":"closed","sticky":false,"template":"","format":"standard","meta":{"_s2mail":"","footnotes":""},"categories":[1],"tags":[],"class_list":["post-1169","post","type-post","status-publish","format-standard","hentry","category-uncategorized"],"_links":{"self":[{"href":"https:\/\/www.vindhemskoren.se\/wordpress\/index.php?rest_route=\/wp\/v2\/posts\/1169","targetHints":{"allow":["GET"]}}],"collection":[{"href":"https:\/\/www.vindhemskoren.se\/wordpress\/index.php?rest_route=\/wp\/v2\/posts"}],"about":[{"href":"https:\/\/www.vindhemskoren.se\/wordpress\/index.php?rest_route=\/wp\/v2\/types\/post"}],"author":[{"embeddable":true,"href":"https:\/\/www.vindhemskoren.se\/wordpress\/index.php?rest_route=\/wp\/v2\/users\/1"}],"replies":[{"embeddable":true,"href":"https:\/\/www.vindhemskoren.se\/wordpress\/index.php?rest_route=%2Fwp%2Fv2%2Fcomments&post=1169"}],"version-history":[{"count":2,"href":"https:\/\/www.vindhemskoren.se\/wordpress\/index.php?rest_route=\/wp\/v2\/posts\/1169\/revisions"}],"predecessor-version":[{"id":1171,"href":"https:\/\/www.vindhemskoren.se\/wordpress\/index.php?rest_route=\/wp\/v2\/posts\/1169\/revisions\/1171"}],"wp:attachment":[{"href":"https:\/\/www.vindhemskoren.se\/wordpress\/index.php?rest_route=%2Fwp%2Fv2%2Fmedia&parent=1169"}],"wp:term":[{"taxonomy":"category","embeddable":true,"href":"https:\/\/www.vindhemskoren.se\/wordpress\/index.php?rest_route=%2Fwp%2Fv2%2Fcategories&post=1169"},{"taxonomy":"post_tag","embeddable":true,"href":"https:\/\/www.vindhemskoren.se\/wordpress\/index.php?rest_route=%2Fwp%2Fv2%2Ftags&post=1169"}],"curies":[{"name":"wp","href":"https:\/\/api.w.org\/{rel}","templated":true}]}}