{"id":714,"date":"2020-11-13T16:05:49","date_gmt":"2020-11-13T15:05:49","guid":{"rendered":"http:\/\/www.vindhemskoren.se\/?p=714"},"modified":"2021-08-14T10:19:31","modified_gmt":"2021-08-14T08:19:31","slug":"slut-for-terminen","status":"publish","type":"post","link":"https:\/\/www.vindhemskoren.se\/wordpress\/?p=714","title":{"rendered":"Slut f\u00f6r terminen"},"content":{"rendered":"<div id=\"pl-714\"  class=\"panel-layout\" ><div id=\"pg-714-0\"  class=\"panel-grid panel-no-style\" ><div id=\"pgc-714-0-0\"  class=\"panel-grid-cell\" ><div id=\"panel-714-0-0-0\" class=\"so-panel widget widget_sow-editor panel-first-child panel-last-child\" data-index=\"0\" ><div\n\t\t\t\n\t\t\tclass=\"so-widget-sow-editor so-widget-sow-editor-base\"\n\t\t\t\n\t\t>\n<div class=\"siteorigin-widget-tinymce textwidget\">\n\t<p>K\u00e4ra v\u00e4nner till Vindhemsk\u00f6ren!<br \/>\nVi har beslutat att st\u00e4lla in resten av terminen. Detta s\u00e5klart p\u00e5 grund av de sk\u00e4rpa restriktionerna kring pandemin.<br \/>\nVi hoppas kunna \u00e5terkomma till v\u00e5ren med nya krafter och hoppas att vi ses d\u00e5.<br \/>\nVindhemsk\u00f6ren<\/p>\n<p>Bilden \u00e4r fr\u00e5n en musikgudstj\u00e4nst i Gottsunda kyrka den 7 november 2020. V\u00e5rt sista framtr\u00e4dande innan pandemin slog till igen.<\/p>\n<p>&nbsp;<\/p>\n<\/div>\n<\/div><\/div><\/div><\/div><div id=\"pg-714-1\"  class=\"panel-grid panel-no-style\" ><div id=\"pgc-714-1-0\"  class=\"panel-grid-cell\" ><div id=\"panel-714-1-0-0\" class=\"so-panel widget widget_sow-image panel-first-child panel-last-child\" data-index=\"1\" ><div\n\t\t\t\n\t\t\tclass=\"so-widget-sow-image so-widget-sow-image-default-8b5b6f678277-714\"\n\t\t\t\n\t\t>\n<div class=\"sow-image-container\">\n\t\t<img \n\tsrc=\"https:\/\/www.vindhemskoren.se\/wordpress\/wp-content\/uploads\/2020\/11\/thumbnail_20201107_153946.jpg\" width=\"1280\" height=\"960\" srcset=\"https:\/\/www.vindhemskoren.se\/wordpress\/wp-content\/uploads\/2020\/11\/thumbnail_20201107_153946.jpg 1280w, https:\/\/www.vindhemskoren.se\/wordpress\/wp-content\/uploads\/2020\/11\/thumbnail_20201107_153946-300x225.jpg 300w, https:\/\/www.vindhemskoren.se\/wordpress\/wp-content\/uploads\/2020\/11\/thumbnail_20201107_153946-768x576.jpg 768w, https:\/\/www.vindhemskoren.se\/wordpress\/wp-content\/uploads\/2020\/11\/thumbnail_20201107_153946-1024x768.jpg 1024w, https:\/\/www.vindhemskoren.se\/wordpress\/wp-content\/uploads\/2020\/11\/thumbnail_20201107_153946-400x300.jpg 400w\" sizes=\"(max-width: 1280px) 100vw, 1280px\" alt=\"\" \t\tclass=\"so-widget-image\"\/>\n\t<\/div>\n\n<\/div><\/div><\/div><\/div><\/div>","protected":false},"excerpt":{"rendered":"<p>K\u00e4ra v\u00e4nner till Vindhemsk\u00f6ren! Vi har beslutat att st\u00e4lla in resten av terminen. Detta s\u00e5klart p\u00e5 grund av de sk\u00e4rpa restriktionerna kring pandemin. Vi hoppas kunna \u00e5terkomma till v\u00e5ren med nya krafter och hoppas att vi ses d\u00e5. Vindhemsk\u00f6ren Bilden &hellip; <a href=\"https:\/\/www.vindhemskoren.se\/wordpress\/?p=714\">Forts\u00e4tt l\u00e4sa <span class=\"meta-nav\">&rarr;<\/span><\/a><\/p>\n","protected":false},"author":1,"featured_media":0,"comment_status":"closed","ping_status":"closed","sticky":false,"template":"","format":"standard","meta":{"_s2mail":"","footnotes":""},"categories":[1],"tags":[],"class_list":["post-714","post","type-post","status-publish","format-standard","hentry","category-uncategorized"],"_links":{"self":[{"href":"https:\/\/www.vindhemskoren.se\/wordpress\/index.php?rest_route=\/wp\/v2\/posts\/714","targetHints":{"allow":["GET"]}}],"collection":[{"href":"https:\/\/www.vindhemskoren.se\/wordpress\/index.php?rest_route=\/wp\/v2\/posts"}],"about":[{"href":"https:\/\/www.vindhemskoren.se\/wordpress\/index.php?rest_route=\/wp\/v2\/types\/post"}],"author":[{"embeddable":true,"href":"https:\/\/www.vindhemskoren.se\/wordpress\/index.php?rest_route=\/wp\/v2\/users\/1"}],"replies":[{"embeddable":true,"href":"https:\/\/www.vindhemskoren.se\/wordpress\/index.php?rest_route=%2Fwp%2Fv2%2Fcomments&post=714"}],"version-history":[{"count":8,"href":"https:\/\/www.vindhemskoren.se\/wordpress\/index.php?rest_route=\/wp\/v2\/posts\/714\/revisions"}],"predecessor-version":[{"id":725,"href":"https:\/\/www.vindhemskoren.se\/wordpress\/index.php?rest_route=\/wp\/v2\/posts\/714\/revisions\/725"}],"wp:attachment":[{"href":"https:\/\/www.vindhemskoren.se\/wordpress\/index.php?rest_route=%2Fwp%2Fv2%2Fmedia&parent=714"}],"wp:term":[{"taxonomy":"category","embeddable":true,"href":"https:\/\/www.vindhemskoren.se\/wordpress\/index.php?rest_route=%2Fwp%2Fv2%2Fcategories&post=714"},{"taxonomy":"post_tag","embeddable":true,"href":"https:\/\/www.vindhemskoren.se\/wordpress\/index.php?rest_route=%2Fwp%2Fv2%2Ftags&post=714"}],"curies":[{"name":"wp","href":"https:\/\/api.w.org\/{rel}","templated":true}]}}