{"id":728,"date":"2021-08-14T10:38:52","date_gmt":"2021-08-14T08:38:52","guid":{"rendered":"http:\/\/www.vindhemskoren.se\/?p=728"},"modified":"2021-08-14T10:38:53","modified_gmt":"2021-08-14T08:38:53","slug":"antligen","status":"publish","type":"post","link":"https:\/\/www.vindhemskoren.se\/wordpress\/?p=728","title":{"rendered":"\u00c4ntligen!"},"content":{"rendered":"<div id=\"pl-728\"  class=\"panel-layout\" ><div id=\"pg-728-0\"  class=\"panel-grid panel-no-style\" ><div id=\"pgc-728-0-0\"  class=\"panel-grid-cell\" ><div id=\"panel-728-0-0-0\" class=\"so-panel widget widget_sow-editor panel-first-child panel-last-child\" data-index=\"0\" ><div\n\t\t\t\n\t\t\tclass=\"so-widget-sow-editor so-widget-sow-editor-base\"\n\t\t\t\n\t\t>\n<div class=\"siteorigin-widget-tinymce textwidget\">\n\t<p><strong>\u00c4ntligen 1<br \/>\n<\/strong>Lite nytt p\u00e5 v\u00e5r hemsida! Vi har nu l\u00e4nge aviserat att vi avslutar h\u00f6stterminen och hoppas p\u00e5 \u00e5terkomst under v\u00e5ren, men som alla vet blev det inte s\u00e5. Nu d\u00e4remot finns det anledning att l\u00e4gga in lite ny \u2013 positiv \u2013 information p\u00e5 v\u00e5r hemsida!<\/p>\n<p>&nbsp;<\/p>\n<\/div>\n<\/div><\/div><\/div><div id=\"pgc-728-0-1\"  class=\"panel-grid-cell\" ><div id=\"panel-728-0-1-0\" class=\"so-panel widget widget_sow-image panel-first-child panel-last-child\" data-index=\"1\" ><div\n\t\t\t\n\t\t\tclass=\"so-widget-sow-image so-widget-sow-image-default-8b5b6f678277-728\"\n\t\t\t\n\t\t>\n<div class=\"sow-image-container\">\n\t\t<img \n\tsrc=\"https:\/\/www.vindhemskoren.se\/wordpress\/wp-content\/uploads\/2021\/08\/Vindhemskoren-i-Karlskoga-300x225.jpg\" width=\"300\" height=\"225\" sizes=\"(max-width: 300px) 100vw, 300px\" title=\"Vindhemskoren-i-Karlskoga-300&#215;225\" alt=\"\" \t\tclass=\"so-widget-image\"\/>\n\t<\/div>\n\n<\/div><\/div><\/div><\/div><div id=\"pg-728-1\"  class=\"panel-grid panel-no-style\" ><div id=\"pgc-728-1-0\"  class=\"panel-grid-cell\" ><div id=\"panel-728-1-0-0\" class=\"so-panel widget widget_sow-editor panel-first-child panel-last-child\" data-index=\"2\" ><div\n\t\t\t\n\t\t\tclass=\"so-widget-sow-editor so-widget-sow-editor-base\"\n\t\t\t\n\t\t>\n<div class=\"siteorigin-widget-tinymce textwidget\">\n\t<p><strong>\u00c4ntligen 2<br \/>\n<\/strong>H\u00f6sten n\u00e4rmar sig, och vi planerar att \u00e5teruppta k\u00f6rverksamheten! Det m\u00e5ste f\u00f6rst\u00e5s ske i covid-anpassad form, och d\u00e4rf\u00f6r \u00e4r h\u00f6stens schema \u00e4nnu inte spikat och klart. Men vi har v\u00e5r f\u00f6rsta repetition torsd 26 augusti, dock inte i Vindhemskyrkan som vanligt utan i Gottsunda kyrka som \u00e4r rymligare och d\u00e4rmed g\u00f6r det l\u00e4ttare att h\u00e5lla n\u00f6dv\u00e4ndiga avst\u00e5nd. Hur l\u00e4nge vi har v\u00e5ra repetitioner i Gottsunda vet vi inte, men vi r\u00e4knar med att \u00e5terkomma till Vindhem n\u00e4r restriktionerna l\u00e4ttar ytterligare. Vi r\u00e4knar ocks\u00e5 med att sjunga vid n\u00e5gra gudstj\u00e4nster i Vindhemskyrkan under h\u00f6sten.<\/p>\n<p><strong>Sommarvecka<br \/>\n<\/strong>I \u00e5r kunde vi ocks\u00e5 genomf\u00f6ra k\u00f6rens traditionella sommarvecka, den h\u00e4r g\u00e5ngen p\u00e5 Karlskoga folkh\u00f6gskola. Det blev m\u00e5nga k\u00e4ra \u00e5terseenden med k\u00f6rkompisarna, och vi gladdes \u00e5t att r\u00f6sterna f\u00f6r det mesta h\u00f6ll efter det l\u00e5nga ofrivilliga uppeh\u00e5llet. H\u00e4rligt att bekanta sig med ny repertoar och \u00e5teruppliva musik vi \u00f6vat p\u00e5 tidigare. Under v\u00e5r lediga tid blev det fina utflykter i b\u00e5de V\u00e4rmland, N\u00e4rke och V\u00e4stmanland.<\/p>\n<p><strong>Sjung med oss<br \/>\n<\/strong>Vill du sjunga med oss? Du hittar all information du beh\u00f6ver under Sjung med oss.<\/p>\n<\/div>\n<\/div><\/div><\/div><\/div><\/div>","protected":false},"excerpt":{"rendered":"<p>\u00c4ntligen 1 Lite nytt p\u00e5 v\u00e5r hemsida! Vi har nu l\u00e4nge aviserat att vi avslutar h\u00f6stterminen och hoppas p\u00e5 \u00e5terkomst under v\u00e5ren, men som alla vet blev det inte s\u00e5. Nu d\u00e4remot finns det anledning att l\u00e4gga in lite ny &hellip; <a href=\"https:\/\/www.vindhemskoren.se\/wordpress\/?p=728\">Forts\u00e4tt l\u00e4sa <span class=\"meta-nav\">&rarr;<\/span><\/a><\/p>\n","protected":false},"author":1,"featured_media":0,"comment_status":"closed","ping_status":"closed","sticky":false,"template":"","format":"standard","meta":{"_s2mail":"","footnotes":""},"categories":[1],"tags":[],"class_list":["post-728","post","type-post","status-publish","format-standard","hentry","category-uncategorized"],"_links":{"self":[{"href":"https:\/\/www.vindhemskoren.se\/wordpress\/index.php?rest_route=\/wp\/v2\/posts\/728","targetHints":{"allow":["GET"]}}],"collection":[{"href":"https:\/\/www.vindhemskoren.se\/wordpress\/index.php?rest_route=\/wp\/v2\/posts"}],"about":[{"href":"https:\/\/www.vindhemskoren.se\/wordpress\/index.php?rest_route=\/wp\/v2\/types\/post"}],"author":[{"embeddable":true,"href":"https:\/\/www.vindhemskoren.se\/wordpress\/index.php?rest_route=\/wp\/v2\/users\/1"}],"replies":[{"embeddable":true,"href":"https:\/\/www.vindhemskoren.se\/wordpress\/index.php?rest_route=%2Fwp%2Fv2%2Fcomments&post=728"}],"version-history":[{"count":12,"href":"https:\/\/www.vindhemskoren.se\/wordpress\/index.php?rest_route=\/wp\/v2\/posts\/728\/revisions"}],"predecessor-version":[{"id":740,"href":"https:\/\/www.vindhemskoren.se\/wordpress\/index.php?rest_route=\/wp\/v2\/posts\/728\/revisions\/740"}],"wp:attachment":[{"href":"https:\/\/www.vindhemskoren.se\/wordpress\/index.php?rest_route=%2Fwp%2Fv2%2Fmedia&parent=728"}],"wp:term":[{"taxonomy":"category","embeddable":true,"href":"https:\/\/www.vindhemskoren.se\/wordpress\/index.php?rest_route=%2Fwp%2Fv2%2Fcategories&post=728"},{"taxonomy":"post_tag","embeddable":true,"href":"https:\/\/www.vindhemskoren.se\/wordpress\/index.php?rest_route=%2Fwp%2Fv2%2Ftags&post=728"}],"curies":[{"name":"wp","href":"https:\/\/api.w.org\/{rel}","templated":true}]}}