{"id":757,"date":"2021-11-18T11:02:03","date_gmt":"2021-11-18T10:02:03","guid":{"rendered":"http:\/\/www.vindhemskoren.se\/?p=757"},"modified":"2021-11-18T11:02:04","modified_gmt":"2021-11-18T10:02:04","slug":"den-kung-vi-vantar","status":"publish","type":"post","link":"https:\/\/www.vindhemskoren.se\/wordpress\/?p=757","title":{"rendered":"Den kung vi v\u00e4ntar"},"content":{"rendered":"<div id=\"pl-757\"  class=\"panel-layout\" ><div id=\"pg-757-0\"  class=\"panel-grid panel-no-style\" ><div id=\"pgc-757-0-0\"  class=\"panel-grid-cell\" ><div id=\"panel-757-0-0-0\" class=\"so-panel widget widget_sow-editor panel-first-child panel-last-child\" data-index=\"0\" ><div\n\t\t\t\n\t\t\tclass=\"so-widget-sow-editor so-widget-sow-editor-base\"\n\t\t\t\n\t\t><h3 class=\"widget-title\">Den kung vi v\u00e4ntar<\/h3>\n<div class=\"siteorigin-widget-tinymce textwidget\">\n\t<p>Kom och lyssna den 1:a advent d\u00e5 vi framf\u00f6r Den kung vi v\u00e4ntar!<\/p>\n<p>Adventskantaten som skrevs 1992 bygger till stor del p\u00e5 folkliga koraler fr\u00e5n olika platser i Sverige arrangerade av Ingemar Braennstroem. Den inneh\u00e5ller ocks\u00e5 texter av Britt G. Hallqvist tonsatta av Ingemar Braennstroem. Musiken uttrycker en innerlig k\u00e4nsla, den ger adventsst\u00e4mning.<\/p>\n<p>Ingemar Braennstroem var en svensk s\u00e5ngare, dirigent och tons\u00e4ttare med r\u00f6tterna i V\u00e4sterbotten men verksam i Uppsala. Han var s\u00e5ngaf\u00f6rare f\u00f6r Allm\u00e4nna s\u00e5ngen och dirigent f\u00f6r Uppsala missionskyrkas kammark\u00f6r Sacr\u00e9 Choeur.<\/p>\n<p>F\u00f6rsta advent 28 november kl. 18.00<br \/>\nGottsunda kyrka<br \/>\nFri entr\u00e9.<\/p>\n<\/div>\n<\/div><\/div><\/div><\/div><div id=\"pg-757-1\"  class=\"panel-grid panel-no-style\" ><div id=\"pgc-757-1-0\"  class=\"panel-grid-cell\" ><div id=\"panel-757-1-0-0\" class=\"so-panel widget widget_sow-image panel-first-child panel-last-child\" data-index=\"1\" ><div\n\t\t\t\n\t\t\tclass=\"so-widget-sow-image so-widget-sow-image-default-8b5b6f678277-757\"\n\t\t\t\n\t\t>\n<div class=\"sow-image-container\">\n\t\t<img \n\tsrc=\"https:\/\/www.vindhemskoren.se\/wordpress\/wp-content\/uploads\/2021\/11\/Den-Kung-vi-va\u0308ntar-facebook.jpg\" width=\"640\" height=\"360\" srcset=\"https:\/\/www.vindhemskoren.se\/wordpress\/wp-content\/uploads\/2021\/11\/Den-Kung-vi-va\u0308ntar-facebook.jpg 640w, https:\/\/www.vindhemskoren.se\/wordpress\/wp-content\/uploads\/2021\/11\/Den-Kung-vi-va\u0308ntar-facebook-300x169.jpg 300w, https:\/\/www.vindhemskoren.se\/wordpress\/wp-content\/uploads\/2021\/11\/Den-Kung-vi-va\u0308ntar-facebook-500x281.jpg 500w\" sizes=\"(max-width: 640px) 100vw, 640px\" title=\"Den Kung vi va\u0308ntar-facebook\" alt=\"\" \t\tclass=\"so-widget-image\"\/>\n\t<\/div>\n\n<\/div><\/div><\/div><\/div><\/div>","protected":false},"excerpt":{"rendered":"<p>Kom och lyssna den 1:a advent d\u00e5 vi framf\u00f6r Den kung vi v\u00e4ntar! Adventskantaten som skrevs 1992 bygger till stor del p\u00e5 folkliga koraler fr\u00e5n olika platser i Sverige arrangerade av Ingemar Braennstroem. Den inneh\u00e5ller ocks\u00e5 texter av Britt G. &hellip; <a href=\"https:\/\/www.vindhemskoren.se\/wordpress\/?p=757\">Forts\u00e4tt l\u00e4sa <span class=\"meta-nav\">&rarr;<\/span><\/a><\/p>\n","protected":false},"author":1,"featured_media":0,"comment_status":"closed","ping_status":"closed","sticky":false,"template":"","format":"standard","meta":{"_s2mail":"","footnotes":""},"categories":[1],"tags":[],"class_list":["post-757","post","type-post","status-publish","format-standard","hentry","category-uncategorized"],"_links":{"self":[{"href":"https:\/\/www.vindhemskoren.se\/wordpress\/index.php?rest_route=\/wp\/v2\/posts\/757","targetHints":{"allow":["GET"]}}],"collection":[{"href":"https:\/\/www.vindhemskoren.se\/wordpress\/index.php?rest_route=\/wp\/v2\/posts"}],"about":[{"href":"https:\/\/www.vindhemskoren.se\/wordpress\/index.php?rest_route=\/wp\/v2\/types\/post"}],"author":[{"embeddable":true,"href":"https:\/\/www.vindhemskoren.se\/wordpress\/index.php?rest_route=\/wp\/v2\/users\/1"}],"replies":[{"embeddable":true,"href":"https:\/\/www.vindhemskoren.se\/wordpress\/index.php?rest_route=%2Fwp%2Fv2%2Fcomments&post=757"}],"version-history":[{"count":13,"href":"https:\/\/www.vindhemskoren.se\/wordpress\/index.php?rest_route=\/wp\/v2\/posts\/757\/revisions"}],"predecessor-version":[{"id":771,"href":"https:\/\/www.vindhemskoren.se\/wordpress\/index.php?rest_route=\/wp\/v2\/posts\/757\/revisions\/771"}],"wp:attachment":[{"href":"https:\/\/www.vindhemskoren.se\/wordpress\/index.php?rest_route=%2Fwp%2Fv2%2Fmedia&parent=757"}],"wp:term":[{"taxonomy":"category","embeddable":true,"href":"https:\/\/www.vindhemskoren.se\/wordpress\/index.php?rest_route=%2Fwp%2Fv2%2Fcategories&post=757"},{"taxonomy":"post_tag","embeddable":true,"href":"https:\/\/www.vindhemskoren.se\/wordpress\/index.php?rest_route=%2Fwp%2Fv2%2Ftags&post=757"}],"curies":[{"name":"wp","href":"https:\/\/api.w.org\/{rel}","templated":true}]}}