{"id":773,"date":"2021-12-08T13:29:06","date_gmt":"2021-12-08T12:29:06","guid":{"rendered":"http:\/\/www.vindhemskoren.se\/?p=773"},"modified":"2021-12-08T13:29:07","modified_gmt":"2021-12-08T12:29:07","slug":"innehallsrik-adventskonsert","status":"publish","type":"post","link":"https:\/\/www.vindhemskoren.se\/wordpress\/?p=773","title":{"rendered":"Inneh\u00e5llsrik adventskonsert"},"content":{"rendered":"<div id=\"pl-773\"  class=\"panel-layout\" ><div id=\"pg-773-0\"  class=\"panel-grid panel-no-style\" ><div id=\"pgc-773-0-0\"  class=\"panel-grid-cell\" ><div id=\"panel-773-0-0-0\" class=\"so-panel widget widget_sow-editor panel-first-child panel-last-child\" data-index=\"0\" ><div\n\t\t\t\n\t\t\tclass=\"so-widget-sow-editor so-widget-sow-editor-base\"\n\t\t\t\n\t\t>\n<div class=\"siteorigin-widget-tinymce textwidget\">\n\t<p>P\u00e5 f\u00f6rsta adventss\u00f6ndagens kv\u00e4ll framf\u00f6rde Vindhemsk\u00f6ren och S\u00f6dra stadens kyrkok\u00f6r kantaten Den kung vi v\u00e4ntar av Ingemar Braennstroem. M\u00e5nga m\u00e4nniskor hade s\u00f6kt sig till Gottsunda kyrka f\u00f6r att uppleva adventsbudskapet i ord och ton.<\/p>\n<p>\u2013 Efter ett l\u00e5ngt ofrivilligt uppeh\u00e5ll i k\u00f6rs\u00e5ngen under pandemin och efter en termins idogt arbete k\u00e4nns det v\u00e4ldigt fint att f\u00e5 g\u00f6ra den h\u00e4r kantaten, s\u00e4ger k\u00f6rledaren Peter Melin. Jag har sjungit den p\u00e5 1980-talet med k\u00f6ren Sacr\u00e9 Choeur som Ingemar Braennstroem ledde, och det \u00e4r ett verk som betyder mycket f\u00f6r mig.<\/p>\n<p>Nu laddar Vindhemsk\u00f6ren f\u00f6r ett nytt \u00e5r. Man ska bland annat fira 60-\u00e5rsjubileum och hoppas kunna genomf\u00f6ra en resa till Estland<\/p>\n<\/div>\n<\/div><\/div><\/div><\/div><div id=\"pg-773-1\"  class=\"panel-grid panel-no-style\" ><div id=\"pgc-773-1-0\"  class=\"panel-grid-cell\" ><div id=\"panel-773-1-0-0\" class=\"so-panel widget widget_sow-image panel-first-child panel-last-child\" data-index=\"1\" ><div\n\t\t\t\n\t\t\tclass=\"so-widget-sow-image so-widget-sow-image-default-8b5b6f678277-773\"\n\t\t\t\n\t\t>\n<div class=\"sow-image-container\">\n\t\t<img \n\tsrc=\"https:\/\/www.vindhemskoren.se\/wordpress\/wp-content\/uploads\/2021\/12\/Adventskonsert-Gottsunda-2021.jpg\" width=\"2016\" height=\"1512\" srcset=\"https:\/\/www.vindhemskoren.se\/wordpress\/wp-content\/uploads\/2021\/12\/Adventskonsert-Gottsunda-2021.jpg 2016w, https:\/\/www.vindhemskoren.se\/wordpress\/wp-content\/uploads\/2021\/12\/Adventskonsert-Gottsunda-2021-300x225.jpg 300w, https:\/\/www.vindhemskoren.se\/wordpress\/wp-content\/uploads\/2021\/12\/Adventskonsert-Gottsunda-2021-768x576.jpg 768w, https:\/\/www.vindhemskoren.se\/wordpress\/wp-content\/uploads\/2021\/12\/Adventskonsert-Gottsunda-2021-1024x768.jpg 1024w, https:\/\/www.vindhemskoren.se\/wordpress\/wp-content\/uploads\/2021\/12\/Adventskonsert-Gottsunda-2021-400x300.jpg 400w\" sizes=\"(max-width: 2016px) 100vw, 2016px\" title=\"Adventskonsert Gottsunda 2021\" alt=\"\" \t\tclass=\"so-widget-image\"\/>\n\t<\/div>\n\n<\/div><\/div><\/div><\/div><\/div>","protected":false},"excerpt":{"rendered":"<p>P\u00e5 f\u00f6rsta adventss\u00f6ndagens kv\u00e4ll framf\u00f6rde Vindhemsk\u00f6ren och S\u00f6dra stadens kyrkok\u00f6r kantaten Den kung vi v\u00e4ntar av Ingemar Braennstroem. M\u00e5nga m\u00e4nniskor hade s\u00f6kt sig till Gottsunda kyrka f\u00f6r att uppleva adventsbudskapet i ord och ton. \u2013 Efter ett l\u00e5ngt ofrivilligt uppeh\u00e5ll &hellip; <a href=\"https:\/\/www.vindhemskoren.se\/wordpress\/?p=773\">Forts\u00e4tt l\u00e4sa <span class=\"meta-nav\">&rarr;<\/span><\/a><\/p>\n","protected":false},"author":1,"featured_media":0,"comment_status":"closed","ping_status":"closed","sticky":false,"template":"","format":"standard","meta":{"_s2mail":"","footnotes":""},"categories":[1],"tags":[],"class_list":["post-773","post","type-post","status-publish","format-standard","hentry","category-uncategorized"],"_links":{"self":[{"href":"https:\/\/www.vindhemskoren.se\/wordpress\/index.php?rest_route=\/wp\/v2\/posts\/773","targetHints":{"allow":["GET"]}}],"collection":[{"href":"https:\/\/www.vindhemskoren.se\/wordpress\/index.php?rest_route=\/wp\/v2\/posts"}],"about":[{"href":"https:\/\/www.vindhemskoren.se\/wordpress\/index.php?rest_route=\/wp\/v2\/types\/post"}],"author":[{"embeddable":true,"href":"https:\/\/www.vindhemskoren.se\/wordpress\/index.php?rest_route=\/wp\/v2\/users\/1"}],"replies":[{"embeddable":true,"href":"https:\/\/www.vindhemskoren.se\/wordpress\/index.php?rest_route=%2Fwp%2Fv2%2Fcomments&post=773"}],"version-history":[{"count":4,"href":"https:\/\/www.vindhemskoren.se\/wordpress\/index.php?rest_route=\/wp\/v2\/posts\/773\/revisions"}],"predecessor-version":[{"id":778,"href":"https:\/\/www.vindhemskoren.se\/wordpress\/index.php?rest_route=\/wp\/v2\/posts\/773\/revisions\/778"}],"wp:attachment":[{"href":"https:\/\/www.vindhemskoren.se\/wordpress\/index.php?rest_route=%2Fwp%2Fv2%2Fmedia&parent=773"}],"wp:term":[{"taxonomy":"category","embeddable":true,"href":"https:\/\/www.vindhemskoren.se\/wordpress\/index.php?rest_route=%2Fwp%2Fv2%2Fcategories&post=773"},{"taxonomy":"post_tag","embeddable":true,"href":"https:\/\/www.vindhemskoren.se\/wordpress\/index.php?rest_route=%2Fwp%2Fv2%2Ftags&post=773"}],"curies":[{"name":"wp","href":"https:\/\/api.w.org\/{rel}","templated":true}]}}