{"id":781,"date":"2022-02-21T10:07:01","date_gmt":"2022-02-21T09:07:01","guid":{"rendered":"http:\/\/www.vindhemskoren.se\/?p=781"},"modified":"2022-02-25T14:56:06","modified_gmt":"2022-02-25T13:56:06","slug":"vindhemskoren-pa-hemmaplan-igen","status":"publish","type":"post","link":"https:\/\/www.vindhemskoren.se\/wordpress\/?p=781","title":{"rendered":"Vindhemsk\u00f6ren \u201cp\u00e5 hemmaplan\u201d igen"},"content":{"rendered":"<div id=\"pl-781\"  class=\"panel-layout\" ><div id=\"pg-781-0\"  class=\"panel-grid panel-no-style\" ><div id=\"pgc-781-0-0\"  class=\"panel-grid-cell\" ><div id=\"panel-781-0-0-0\" class=\"so-panel widget widget_sow-editor panel-first-child panel-last-child\" data-index=\"0\" ><div\n\t\t\t\n\t\t\tclass=\"so-widget-sow-editor so-widget-sow-editor-base\"\n\t\t\t\n\t\t>\n<div class=\"siteorigin-widget-tinymce textwidget\">\n\t<p>Nu har Vindhemsk\u00f6ren b\u00f6rjat sjunga d\u00e4r den \u201dh\u00f6r hemma\u201d igen, i Vindhemskyrkan, efter att ha varit utlokaliserad till Gottsunda kyrka under h\u00f6sten. Vi sitter med st\u00f6rre avst\u00e5nd mellan oss \u00e4n vanligt, vilket kan vara lite av en utmaning, men visst \u00e4r det h\u00e4rligt att vara tillbaka!<\/p>\n<p>I s\u00f6ndags deltog vi med s\u00e5ng i gudstj\u00e4nsten. Under v\u00e5ren medverkar vi i gudstj\u00e4nsterna ungef\u00e4r en g\u00e5ng i m\u00e5naden men sjunger f\u00f6rst\u00e5s b\u00e5de p\u00e5 l\u00e5ngfredagen och p\u00e5skdagen (15 och 17 april).<\/p>\n<p>Den 28 maj kl 18 ger vi en konsert i Vindhemskyrkan, d\u00e5 vi presenterar smakprov p\u00e5 det program vi har med oss p\u00e5 den resa till Estland som vi hoppas f\u00e5 g\u00f6ra i augusti.<\/p>\n<p>Se \u00e4ven kalendariet h\u00e4r intill eller p\u00e5 Svenska kyrkans veckoprogram: Gudstj\u00e4nster och konserter (svenskakyrkan.se\/uppsala\/nyhetsbrev).<\/p>\n<p>F\u00f6r \u00f6vrigt tar vi g\u00e4rna emot flera medlemmar i k\u00f6ren! G\u00e5 in under l\u00e4nken \u2019Sjung med oss\u2019 och kontakta v\u00e5r k\u00f6rledare Peter Melin f\u00f6r mer information.<\/p>\n<p>Varmt v\u00e4lkomna till gudstj\u00e4nster och konserter!<\/p>\n<\/div>\n<\/div><\/div><\/div><\/div><div id=\"pg-781-1\"  class=\"panel-grid panel-no-style\" ><div id=\"pgc-781-1-0\"  class=\"panel-grid-cell\" ><div id=\"panel-781-1-0-0\" class=\"so-panel widget widget_sow-image panel-first-child panel-last-child\" data-index=\"1\" ><div\n\t\t\t\n\t\t\tclass=\"so-widget-sow-image so-widget-sow-image-default-8b5b6f678277-781\"\n\t\t\t\n\t\t>\n<div class=\"sow-image-container\">\n\t\t<img \n\tsrc=\"https:\/\/www.vindhemskoren.se\/wordpress\/wp-content\/uploads\/2022\/02\/20220224_200636_beskuren.jpg\" width=\"1663\" height=\"896\" srcset=\"https:\/\/www.vindhemskoren.se\/wordpress\/wp-content\/uploads\/2022\/02\/20220224_200636_beskuren.jpg 1663w, https:\/\/www.vindhemskoren.se\/wordpress\/wp-content\/uploads\/2022\/02\/20220224_200636_beskuren-300x162.jpg 300w, https:\/\/www.vindhemskoren.se\/wordpress\/wp-content\/uploads\/2022\/02\/20220224_200636_beskuren-768x414.jpg 768w, https:\/\/www.vindhemskoren.se\/wordpress\/wp-content\/uploads\/2022\/02\/20220224_200636_beskuren-1024x552.jpg 1024w, https:\/\/www.vindhemskoren.se\/wordpress\/wp-content\/uploads\/2022\/02\/20220224_200636_beskuren-500x269.jpg 500w\" sizes=\"(max-width: 1663px) 100vw, 1663px\" alt=\"\" \t\tclass=\"so-widget-image\"\/>\n\t<\/div>\n\n<\/div><\/div><\/div><\/div><\/div>","protected":false},"excerpt":{"rendered":"<p>Nu har Vindhemsk\u00f6ren b\u00f6rjat sjunga d\u00e4r den \u201dh\u00f6r hemma\u201d igen, i Vindhemskyrkan, efter att ha varit utlokaliserad till Gottsunda kyrka under h\u00f6sten. Vi sitter med st\u00f6rre avst\u00e5nd mellan oss \u00e4n vanligt, vilket kan vara lite av en utmaning, men visst &hellip; <a href=\"https:\/\/www.vindhemskoren.se\/wordpress\/?p=781\">Forts\u00e4tt l\u00e4sa <span class=\"meta-nav\">&rarr;<\/span><\/a><\/p>\n","protected":false},"author":1,"featured_media":0,"comment_status":"closed","ping_status":"closed","sticky":false,"template":"","format":"standard","meta":{"_s2mail":"","footnotes":""},"categories":[1],"tags":[],"class_list":["post-781","post","type-post","status-publish","format-standard","hentry","category-uncategorized"],"_links":{"self":[{"href":"https:\/\/www.vindhemskoren.se\/wordpress\/index.php?rest_route=\/wp\/v2\/posts\/781","targetHints":{"allow":["GET"]}}],"collection":[{"href":"https:\/\/www.vindhemskoren.se\/wordpress\/index.php?rest_route=\/wp\/v2\/posts"}],"about":[{"href":"https:\/\/www.vindhemskoren.se\/wordpress\/index.php?rest_route=\/wp\/v2\/types\/post"}],"author":[{"embeddable":true,"href":"https:\/\/www.vindhemskoren.se\/wordpress\/index.php?rest_route=\/wp\/v2\/users\/1"}],"replies":[{"embeddable":true,"href":"https:\/\/www.vindhemskoren.se\/wordpress\/index.php?rest_route=%2Fwp%2Fv2%2Fcomments&post=781"}],"version-history":[{"count":5,"href":"https:\/\/www.vindhemskoren.se\/wordpress\/index.php?rest_route=\/wp\/v2\/posts\/781\/revisions"}],"predecessor-version":[{"id":787,"href":"https:\/\/www.vindhemskoren.se\/wordpress\/index.php?rest_route=\/wp\/v2\/posts\/781\/revisions\/787"}],"wp:attachment":[{"href":"https:\/\/www.vindhemskoren.se\/wordpress\/index.php?rest_route=%2Fwp%2Fv2%2Fmedia&parent=781"}],"wp:term":[{"taxonomy":"category","embeddable":true,"href":"https:\/\/www.vindhemskoren.se\/wordpress\/index.php?rest_route=%2Fwp%2Fv2%2Fcategories&post=781"},{"taxonomy":"post_tag","embeddable":true,"href":"https:\/\/www.vindhemskoren.se\/wordpress\/index.php?rest_route=%2Fwp%2Fv2%2Ftags&post=781"}],"curies":[{"name":"wp","href":"https:\/\/api.w.org\/{rel}","templated":true}]}}