{"id":789,"date":"2022-05-15T16:45:44","date_gmt":"2022-05-15T14:45:44","guid":{"rendered":"http:\/\/www.vindhemskoren.se\/?p=789"},"modified":"2022-05-17T10:10:22","modified_gmt":"2022-05-17T08:10:22","slug":"valsigna-arets-groda-uppvattna-nu-vart-land","status":"publish","type":"post","link":"https:\/\/www.vindhemskoren.se\/wordpress\/?p=789","title":{"rendered":"V\u00e4lsigna \u00e5rets gr\u00f6da, uppvattna nu v\u00e5rt land"},"content":{"rendered":"<div id=\"pl-789\"  class=\"panel-layout\" ><div id=\"pg-789-0\"  class=\"panel-grid panel-no-style\" ><div id=\"pgc-789-0-0\"  class=\"panel-grid-cell\" ><div id=\"panel-789-0-0-0\" class=\"so-panel widget widget_sow-editor panel-first-child\" data-index=\"0\" ><div\n\t\t\t\n\t\t\tclass=\"so-widget-sow-editor so-widget-sow-editor-base\"\n\t\t\t\n\t\t>\n<div class=\"siteorigin-widget-tinymce textwidget\">\n\t<section class=\"c-intro grid grid--one-col\">\n<div class=\"intro-container grid-container\">\n<article class=\"intro-content\">\nV\u00e4lkomna p\u00e5 konsert i Vindhemskyrkan! Under ett par \u00e5r har vi f\u00f6rberett en k\u00f6rresa till Estland med flera konserter inplanerade. F\u00f6rst var kom pandemin och nu \u00e4r v\u00e4rldsl\u00e4get s\u00e5dant att vi valt att \u00e5terigen skjuta p\u00e5 resan. Men vi vill fortfarande framf\u00f6ra den musik vi har repeterat in under \u00e5ret. D\u00e4rf\u00f6r blir det konsert i Vindhemskyrkan den 28 maj klockan 16.00 d\u00e4r vi framf\u00f6r v\u00e5r t\u00e4nkta Estlandsrepertoar tillsammans med Anders Bromander p\u00e5 piano och orgel och Karin Axelsson p\u00e5 fl\u00f6jt.<\/p>\n<p class=\"intro-paragraph t-subtitle\">Mycket av musiken knyter an till tiden p\u00e5 \u00e5ret och konserten har d\u00e4rf\u00f6r f\u00e5tt namnet <em>V\u00e4lsigna \u00e5rets gr\u00f6da, uppvattna nu v\u00e5rt land<\/em>.<\/p>\n<\/article>\n<\/div>\n<\/section>\n<div class=\"row row--default\">\n<section class=\"c-article grid grid--one-col is-transparent\">\n<div class=\"article-container grid-container \">\n<article class=\"article-content text-editor-content\">Repertoaren \u00e4r bred och best\u00e5r av tre delar. Den f\u00f6rsta \u00e4r europeisk sakral musik av tons\u00e4ttare som J S Bach, W A Mozart, Karl Jenkins och John Rutter. Den andra delen \u00e4r svensk sakral musik av tons\u00e4ttare som Anders \u00d6hrwall, Anders Bromander och Hans Kennemark. Den tredje avdelningen \u00e4r afroamerikansk musik av till exempel Tore W Aas, Duke Ellington och Bengt Hallberg.K\u00f6rledare Peter Melin dirigerar k\u00f6ren och fri entr\u00e9 g\u00e4ller.V\u00e4lkomna!<\/p>\n<p>&nbsp;<\/p>\n<\/article>\n<\/div>\n<\/section>\n<\/div>\n<\/div>\n<\/div><\/div><div id=\"panel-789-0-0-1\" class=\"so-panel widget widget_sow-image panel-last-child\" data-index=\"1\" ><div\n\t\t\t\n\t\t\tclass=\"so-widget-sow-image so-widget-sow-image-default-8b5b6f678277-789\"\n\t\t\t\n\t\t>\n<div class=\"sow-image-container\">\n\t\t<img \n\tsrc=\"https:\/\/www.vindhemskoren.se\/wordpress\/wp-content\/uploads\/2022\/05\/Konsert-28-maj-2022.jpg\" width=\"724\" height=\"1024\" srcset=\"https:\/\/www.vindhemskoren.se\/wordpress\/wp-content\/uploads\/2022\/05\/Konsert-28-maj-2022.jpg 724w, https:\/\/www.vindhemskoren.se\/wordpress\/wp-content\/uploads\/2022\/05\/Konsert-28-maj-2022-212x300.jpg 212w\" sizes=\"(max-width: 724px) 100vw, 724px\" title=\"Konsert 28 maj 2022\" alt=\"\" \t\tclass=\"so-widget-image\"\/>\n\t<\/div>\n\n<\/div><\/div><\/div><\/div><div id=\"pg-789-1\"  class=\"panel-grid panel-no-style\" ><div id=\"pgc-789-1-0\"  class=\"panel-grid-cell panel-grid-cell-empty\" ><\/div><\/div><\/div>","protected":false},"excerpt":{"rendered":"<p>V\u00e4lkomna p\u00e5 konsert i Vindhemskyrkan! Under ett par \u00e5r har vi f\u00f6rberett en k\u00f6rresa till Estland med flera konserter inplanerade. F\u00f6rst var kom pandemin och nu \u00e4r v\u00e4rldsl\u00e4get s\u00e5dant att vi valt att \u00e5terigen skjuta p\u00e5 resan. Men vi vill &hellip; <a href=\"https:\/\/www.vindhemskoren.se\/wordpress\/?p=789\">Forts\u00e4tt l\u00e4sa <span class=\"meta-nav\">&rarr;<\/span><\/a><\/p>\n","protected":false},"author":1,"featured_media":0,"comment_status":"closed","ping_status":"closed","sticky":false,"template":"","format":"standard","meta":{"_s2mail":"","footnotes":""},"categories":[1],"tags":[],"class_list":["post-789","post","type-post","status-publish","format-standard","hentry","category-uncategorized"],"_links":{"self":[{"href":"https:\/\/www.vindhemskoren.se\/wordpress\/index.php?rest_route=\/wp\/v2\/posts\/789","targetHints":{"allow":["GET"]}}],"collection":[{"href":"https:\/\/www.vindhemskoren.se\/wordpress\/index.php?rest_route=\/wp\/v2\/posts"}],"about":[{"href":"https:\/\/www.vindhemskoren.se\/wordpress\/index.php?rest_route=\/wp\/v2\/types\/post"}],"author":[{"embeddable":true,"href":"https:\/\/www.vindhemskoren.se\/wordpress\/index.php?rest_route=\/wp\/v2\/users\/1"}],"replies":[{"embeddable":true,"href":"https:\/\/www.vindhemskoren.se\/wordpress\/index.php?rest_route=%2Fwp%2Fv2%2Fcomments&post=789"}],"version-history":[{"count":15,"href":"https:\/\/www.vindhemskoren.se\/wordpress\/index.php?rest_route=\/wp\/v2\/posts\/789\/revisions"}],"predecessor-version":[{"id":806,"href":"https:\/\/www.vindhemskoren.se\/wordpress\/index.php?rest_route=\/wp\/v2\/posts\/789\/revisions\/806"}],"wp:attachment":[{"href":"https:\/\/www.vindhemskoren.se\/wordpress\/index.php?rest_route=%2Fwp%2Fv2%2Fmedia&parent=789"}],"wp:term":[{"taxonomy":"category","embeddable":true,"href":"https:\/\/www.vindhemskoren.se\/wordpress\/index.php?rest_route=%2Fwp%2Fv2%2Fcategories&post=789"},{"taxonomy":"post_tag","embeddable":true,"href":"https:\/\/www.vindhemskoren.se\/wordpress\/index.php?rest_route=%2Fwp%2Fv2%2Ftags&post=789"}],"curies":[{"name":"wp","href":"https:\/\/api.w.org\/{rel}","templated":true}]}}