{"id":828,"date":"2022-09-02T12:07:43","date_gmt":"2022-09-02T10:07:43","guid":{"rendered":"http:\/\/www.vindhemskoren.se\/?p=828"},"modified":"2022-09-02T12:07:43","modified_gmt":"2022-09-02T10:07:43","slug":"pa-plats-och-pa-gang-igen","status":"publish","type":"post","link":"https:\/\/www.vindhemskoren.se\/wordpress\/?p=828","title":{"rendered":"P\u00e5 plats och p\u00e5 g\u00e5ng igen"},"content":{"rendered":"<div id=\"pl-828\"  class=\"panel-layout\" ><div id=\"pg-828-0\"  class=\"panel-grid panel-no-style\" ><div id=\"pgc-828-0-0\"  class=\"panel-grid-cell\" ><div id=\"panel-828-0-0-0\" class=\"so-panel widget widget_sow-editor panel-first-child panel-last-child\" data-index=\"0\" ><div\n\t\t\t\n\t\t\tclass=\"so-widget-sow-editor so-widget-sow-editor-base\"\n\t\t\t\n\t\t>\n<div class=\"siteorigin-widget-tinymce textwidget\">\n\t<p>Om inte h\u00f6sten redan \u00e4r h\u00e4r, v\u00e4ntar den nog alldeles runt h\u00f6rnet. Det inneb\u00e4r ocks\u00e5 att Vindhemsk\u00f6ren \u00e5terupptar sin verksamhet bland annat med repetitioner i Vindhemskyrkan p\u00e5 torsdagskv\u00e4llar.<\/p>\n<p>Vi har ett viktigt datum att se fram mot, 29 oktober, d\u00e5 k\u00f6ren firar 60-\u00e5rsjubileum. Det g\u00f6r vi med en konsert i Gottsunda kyrka kl 18, och p\u00e5 programmet st\u00e5r musik av den walesiske komposit\u00f6ren Karl Jenkins. K\u00f6ren sjunger delar av n\u00e5gra av hans mest k\u00e4nda verk: The Armed Man, Stabat Mater, Requiem och Songs of Sanctuary. Vi b\u00f6rjade repetera inf\u00f6r konserten redan under v\u00e5r sommarvecka p\u00e5 H\u00e4rn\u00f6sands folkh\u00f6gskola i augusti. Vi h\u00e4lsar alla v\u00e4lkomna till en h\u00e4rlig konsertupplevelse med musik som \u00e4r b\u00e5de medryckande och ber\u00f6rande.<\/p>\n<p>Sj\u00e4lvklart ska vi ocks\u00e5 medverka i ett antal gudstj\u00e4nster i Vindhemskyrkan under h\u00f6sten. Inte minst hoppas vi f\u00e5 \u00e5teruppta traditionen med en stor gudstj\u00e4nst p\u00e5 f\u00f6rsta advent 27 november, d\u00e5 k\u00f6ren ocks\u00e5 bjuder p\u00e5 kyrkkaffe efter\u00e5t. Se i \u00f6vrigt kalendariet h\u00e4r intill.<\/p>\n<p>Vi tar g\u00e4rna emot fler k\u00f6rs\u00e5ngare som vill vara med och dela de h\u00e4r upplevelserna med oss! Det finns plats i alla st\u00e4mmor. Ta kontakt med v\u00e5r k\u00f6rledare Peter Melin, se telefon och mailadress under fliken Kontakt!<\/p>\n<\/div>\n<\/div><\/div><\/div><\/div><div id=\"pg-828-1\"  class=\"panel-grid panel-no-style\" ><div id=\"pgc-828-1-0\"  class=\"panel-grid-cell\" ><div id=\"panel-828-1-0-0\" class=\"so-panel widget widget_sow-image panel-first-child panel-last-child\" data-index=\"1\" ><div\n\t\t\t\n\t\t\tclass=\"so-widget-sow-image so-widget-sow-image-default-8b5b6f678277-828\"\n\t\t\t\n\t\t>\n<div class=\"sow-image-container\">\n\t\t<img \n\tsrc=\"https:\/\/www.vindhemskoren.se\/wordpress\/wp-content\/uploads\/2022\/09\/Vindhemsk\u00f6ren-8.jpg\" width=\"3904\" height=\"2376\" srcset=\"https:\/\/www.vindhemskoren.se\/wordpress\/wp-content\/uploads\/2022\/09\/Vindhemsk\u00f6ren-8.jpg 3904w, https:\/\/www.vindhemskoren.se\/wordpress\/wp-content\/uploads\/2022\/09\/Vindhemsk\u00f6ren-8-300x183.jpg 300w, https:\/\/www.vindhemskoren.se\/wordpress\/wp-content\/uploads\/2022\/09\/Vindhemsk\u00f6ren-8-768x467.jpg 768w, https:\/\/www.vindhemskoren.se\/wordpress\/wp-content\/uploads\/2022\/09\/Vindhemsk\u00f6ren-8-1024x623.jpg 1024w, https:\/\/www.vindhemskoren.se\/wordpress\/wp-content\/uploads\/2022\/09\/Vindhemsk\u00f6ren-8-493x300.jpg 493w\" sizes=\"(max-width: 3904px) 100vw, 3904px\" title=\"Vindhemsk\u00f6ren 8\" alt=\"\" \t\tclass=\"so-widget-image\"\/>\n\t<\/div>\n\n<\/div><\/div><\/div><\/div><\/div>","protected":false},"excerpt":{"rendered":"<p>Om inte h\u00f6sten redan \u00e4r h\u00e4r, v\u00e4ntar den nog alldeles runt h\u00f6rnet. Det inneb\u00e4r ocks\u00e5 att Vindhemsk\u00f6ren \u00e5terupptar sin verksamhet bland annat med repetitioner i Vindhemskyrkan p\u00e5 torsdagskv\u00e4llar. Vi har ett viktigt datum att se fram mot, 29 oktober, d\u00e5 &hellip; <a href=\"https:\/\/www.vindhemskoren.se\/wordpress\/?p=828\">Forts\u00e4tt l\u00e4sa <span class=\"meta-nav\">&rarr;<\/span><\/a><\/p>\n","protected":false},"author":1,"featured_media":0,"comment_status":"closed","ping_status":"closed","sticky":false,"template":"","format":"standard","meta":{"_s2mail":"","footnotes":""},"categories":[1],"tags":[],"class_list":["post-828","post","type-post","status-publish","format-standard","hentry","category-uncategorized"],"_links":{"self":[{"href":"https:\/\/www.vindhemskoren.se\/wordpress\/index.php?rest_route=\/wp\/v2\/posts\/828","targetHints":{"allow":["GET"]}}],"collection":[{"href":"https:\/\/www.vindhemskoren.se\/wordpress\/index.php?rest_route=\/wp\/v2\/posts"}],"about":[{"href":"https:\/\/www.vindhemskoren.se\/wordpress\/index.php?rest_route=\/wp\/v2\/types\/post"}],"author":[{"embeddable":true,"href":"https:\/\/www.vindhemskoren.se\/wordpress\/index.php?rest_route=\/wp\/v2\/users\/1"}],"replies":[{"embeddable":true,"href":"https:\/\/www.vindhemskoren.se\/wordpress\/index.php?rest_route=%2Fwp%2Fv2%2Fcomments&post=828"}],"version-history":[{"count":4,"href":"https:\/\/www.vindhemskoren.se\/wordpress\/index.php?rest_route=\/wp\/v2\/posts\/828\/revisions"}],"predecessor-version":[{"id":833,"href":"https:\/\/www.vindhemskoren.se\/wordpress\/index.php?rest_route=\/wp\/v2\/posts\/828\/revisions\/833"}],"wp:attachment":[{"href":"https:\/\/www.vindhemskoren.se\/wordpress\/index.php?rest_route=%2Fwp%2Fv2%2Fmedia&parent=828"}],"wp:term":[{"taxonomy":"category","embeddable":true,"href":"https:\/\/www.vindhemskoren.se\/wordpress\/index.php?rest_route=%2Fwp%2Fv2%2Fcategories&post=828"},{"taxonomy":"post_tag","embeddable":true,"href":"https:\/\/www.vindhemskoren.se\/wordpress\/index.php?rest_route=%2Fwp%2Fv2%2Ftags&post=828"}],"curies":[{"name":"wp","href":"https:\/\/api.w.org\/{rel}","templated":true}]}}