{"id":854,"date":"2022-11-09T18:51:07","date_gmt":"2022-11-09T17:51:07","guid":{"rendered":"http:\/\/www.vindhemskoren.se\/?p=854"},"modified":"2022-11-09T18:51:08","modified_gmt":"2022-11-09T17:51:08","slug":"harligt-60-arsfirande","status":"publish","type":"post","link":"https:\/\/www.vindhemskoren.se\/wordpress\/?p=854","title":{"rendered":"H\u00e4rligt 60-\u00e5rsfirande"},"content":{"rendered":"<div id=\"pl-854\"  class=\"panel-layout\" ><div id=\"pg-854-0\"  class=\"panel-grid panel-no-style\" ><div id=\"pgc-854-0-0\"  class=\"panel-grid-cell\" ><div id=\"panel-854-0-0-0\" class=\"so-panel widget widget_sow-editor panel-first-child panel-last-child\" data-index=\"0\" ><div\n\t\t\t\n\t\t\tclass=\"so-widget-sow-editor so-widget-sow-editor-base\"\n\t\t\t\n\t\t>\n<div class=\"siteorigin-widget-tinymce textwidget\">\n\t<p>Det blev en fin konsert och en h\u00e4rlig fest n\u00e4r vi firade k\u00f6rens 60-\u00e5rsjubileum l\u00f6rdagen 29 oktober. Vi hoppades f\u00e5 m\u00e5nga \u00e5h\u00f6rare och hade d\u00e4rf\u00f6r valt Gottsunda kyrka som konsertlokal. Och v\u00e5ra f\u00f6rhoppningar infriades: kyrkan var fylld av f\u00f6rv\u00e4ntansfulla m\u00e4nniskor.<br \/>\nKonserten hade titeln Songs of Sanctuary och inneh\u00f6ll delar ur olika verk av den walesiske komposit\u00f6ren Karl Jenkins, bland annat The Armed Man och Adiemus. Vi har sjungit musik av Jenkins tidigare, d\u00e5 i domkyrkan 2019, och s\u00e5g verkligen fram mot att ta upp de h\u00e4r verken igen. Musiken inneh\u00e5ller b\u00e5de dramatik och stillhet, gl\u00e4dje och sorg. Appl\u00e5derna efter framf\u00f6randet visade tydligt att bes\u00f6karna var starkt ber\u00f6rda.<br \/>\nPeter Melin, som leder k\u00f6ren sedan 1996, \u00e4r n\u00f6jd:<br \/>\n- Det \u00e4r inte s\u00e5 ofta man h\u00f6r Karl Jenkins h\u00e4r i Sverige, men vi \u00e4r glada att f\u00e5 framf\u00f6ra de h\u00e4r verken i Uppsala vid v\u00e5rt jubileum. Och s\u00e5 roligt att s\u00e5 m\u00e5nga kom och ville lyssna!<br \/>\nKyrko\u00e5ret g\u00e5r mot sitt slut, och ett nytt tar sin b\u00f6rjan. P\u00e5 domss\u00f6ndagen 20 november kl 11 sjunger vi i domkyrkans h\u00f6gm\u00e4ssa, och troligtvis tar vi med n\u00e5got stycke av Jenkins \u00e4ven d\u00e5.<br \/>\nEn vecka senare, 27 november, \u00e4r det f\u00f6rsta advent, och d\u00e5 sjunger vi i Vindhemskyrkans gudstj\u00e4nst kl 11. Efter\u00e5t bjuder k\u00f6ren p\u00e5 kyrkkaffe i f\u00f6rsamlingssalen, n\u00e5got som brukar vara v\u00e4ldigt popul\u00e4rt. Vi ser verkligen fram mot att f\u00e5 \u00e5teruppta den h\u00e4r traditionen efter covid\u00e5rens begr\u00e4nsningar.<br \/>\nV\u00e4lkomna att lyssna p\u00e5 oss!<\/p>\n<\/div>\n<\/div><\/div><\/div><\/div><div id=\"pg-854-1\"  class=\"panel-grid panel-no-style\" ><div id=\"pgc-854-1-0\"  class=\"panel-grid-cell\" ><div id=\"panel-854-1-0-0\" class=\"so-panel widget widget_sow-image panel-first-child panel-last-child\" data-index=\"1\" ><div\n\t\t\t\n\t\t\tclass=\"so-widget-sow-image so-widget-sow-image-default-8b5b6f678277-854\"\n\t\t\t\n\t\t>\n<div class=\"sow-image-container\">\n\t\t<img \n\tsrc=\"https:\/\/www.vindhemskoren.se\/wordpress\/wp-content\/uploads\/2022\/11\/Rakt-framifr\u00e5n_red.jpg\" width=\"4588\" height=\"2290\" srcset=\"https:\/\/www.vindhemskoren.se\/wordpress\/wp-content\/uploads\/2022\/11\/Rakt-framifr\u00e5n_red.jpg 4588w, https:\/\/www.vindhemskoren.se\/wordpress\/wp-content\/uploads\/2022\/11\/Rakt-framifr\u00e5n_red-300x150.jpg 300w, https:\/\/www.vindhemskoren.se\/wordpress\/wp-content\/uploads\/2022\/11\/Rakt-framifr\u00e5n_red-768x383.jpg 768w, https:\/\/www.vindhemskoren.se\/wordpress\/wp-content\/uploads\/2022\/11\/Rakt-framifr\u00e5n_red-1024x511.jpg 1024w, https:\/\/www.vindhemskoren.se\/wordpress\/wp-content\/uploads\/2022\/11\/Rakt-framifr\u00e5n_red-500x250.jpg 500w\" sizes=\"(max-width: 4588px) 100vw, 4588px\" title=\"Rakt framifr\u00e5n_red\" alt=\"\" \t\tclass=\"so-widget-image\"\/>\n\t<\/div>\n\n<\/div><\/div><\/div><\/div><div id=\"pg-854-2\"  class=\"panel-grid panel-no-style\" ><div id=\"pgc-854-2-0\"  class=\"panel-grid-cell\" ><div id=\"panel-854-2-0-0\" class=\"so-panel widget widget_sow-editor panel-first-child\" data-index=\"2\" ><div\n\t\t\t\n\t\t\tclass=\"so-widget-sow-editor so-widget-sow-editor-base\"\n\t\t\t\n\t\t>\n<div class=\"siteorigin-widget-tinymce textwidget\">\n\t<p>&nbsp;<\/p>\n<\/div>\n<\/div><\/div><div id=\"panel-854-2-0-1\" class=\"so-panel widget widget_sow-image panel-last-child\" data-index=\"3\" ><div\n\t\t\t\n\t\t\tclass=\"so-widget-sow-image so-widget-sow-image-default-8b5b6f678277-854\"\n\t\t\t\n\t\t>\n<div class=\"sow-image-container\">\n\t\t<img \n\tsrc=\"https:\/\/www.vindhemskoren.se\/wordpress\/wp-content\/uploads\/2022\/11\/Basar_red.jpeg\" width=\"1275\" height=\"772\" srcset=\"https:\/\/www.vindhemskoren.se\/wordpress\/wp-content\/uploads\/2022\/11\/Basar_red.jpeg 1275w, https:\/\/www.vindhemskoren.se\/wordpress\/wp-content\/uploads\/2022\/11\/Basar_red-300x182.jpeg 300w, https:\/\/www.vindhemskoren.se\/wordpress\/wp-content\/uploads\/2022\/11\/Basar_red-768x465.jpeg 768w, https:\/\/www.vindhemskoren.se\/wordpress\/wp-content\/uploads\/2022\/11\/Basar_red-1024x620.jpeg 1024w, https:\/\/www.vindhemskoren.se\/wordpress\/wp-content\/uploads\/2022\/11\/Basar_red-495x300.jpeg 495w\" sizes=\"(max-width: 1275px) 100vw, 1275px\" alt=\"\" \t\tclass=\"so-widget-image\"\/>\n\t<\/div>\n\n<\/div><\/div><\/div><\/div><div id=\"pg-854-3\"  class=\"panel-grid panel-no-style\" ><div id=\"pgc-854-3-0\"  class=\"panel-grid-cell\" ><div id=\"panel-854-3-0-0\" class=\"so-panel widget widget_sow-editor panel-first-child panel-last-child\" data-index=\"4\" ><div\n\t\t\t\n\t\t\tclass=\"so-widget-sow-editor so-widget-sow-editor-base\"\n\t\t\t\n\t\t>\n<div class=\"siteorigin-widget-tinymce textwidget\">\n\t<p>&nbsp;<\/p>\n<\/div>\n<\/div><\/div><\/div><\/div><div id=\"pg-854-4\"  class=\"panel-grid panel-no-style\" ><div id=\"pgc-854-4-0\"  class=\"panel-grid-cell\" ><div id=\"panel-854-4-0-0\" class=\"so-panel widget widget_sow-image panel-first-child panel-last-child\" data-index=\"5\" ><div\n\t\t\t\n\t\t\tclass=\"so-widget-sow-image so-widget-sow-image-default-8b5b6f678277-854\"\n\t\t\t\n\t\t>\n<div class=\"sow-image-container\">\n\t\t<img \n\tsrc=\"https:\/\/www.vindhemskoren.se\/wordpress\/wp-content\/uploads\/2022\/11\/Snett-framifr\u00e5n2_red.jpg\" width=\"4082\" height=\"1710\" srcset=\"https:\/\/www.vindhemskoren.se\/wordpress\/wp-content\/uploads\/2022\/11\/Snett-framifr\u00e5n2_red.jpg 4082w, https:\/\/www.vindhemskoren.se\/wordpress\/wp-content\/uploads\/2022\/11\/Snett-framifr\u00e5n2_red-300x126.jpg 300w, https:\/\/www.vindhemskoren.se\/wordpress\/wp-content\/uploads\/2022\/11\/Snett-framifr\u00e5n2_red-768x322.jpg 768w, https:\/\/www.vindhemskoren.se\/wordpress\/wp-content\/uploads\/2022\/11\/Snett-framifr\u00e5n2_red-1024x429.jpg 1024w, https:\/\/www.vindhemskoren.se\/wordpress\/wp-content\/uploads\/2022\/11\/Snett-framifr\u00e5n2_red-500x209.jpg 500w\" sizes=\"(max-width: 4082px) 100vw, 4082px\" title=\"Snett framifr\u00e5n2_red\" alt=\"\" \t\tclass=\"so-widget-image\"\/>\n\t<\/div>\n\n<\/div><\/div><\/div><\/div><\/div>","protected":false},"excerpt":{"rendered":"<p>Det blev en fin konsert och en h\u00e4rlig fest n\u00e4r vi firade k\u00f6rens 60-\u00e5rsjubileum l\u00f6rdagen 29 oktober. Vi hoppades f\u00e5 m\u00e5nga \u00e5h\u00f6rare och hade d\u00e4rf\u00f6r valt Gottsunda kyrka som konsertlokal. Och v\u00e5ra f\u00f6rhoppningar infriades: kyrkan var fylld av f\u00f6rv\u00e4ntansfulla m\u00e4nniskor. &hellip; <a href=\"https:\/\/www.vindhemskoren.se\/wordpress\/?p=854\">Forts\u00e4tt l\u00e4sa <span class=\"meta-nav\">&rarr;<\/span><\/a><\/p>\n","protected":false},"author":1,"featured_media":0,"comment_status":"closed","ping_status":"closed","sticky":false,"template":"","format":"standard","meta":{"_s2mail":"","footnotes":""},"categories":[1],"tags":[],"class_list":["post-854","post","type-post","status-publish","format-standard","hentry","category-uncategorized"],"_links":{"self":[{"href":"https:\/\/www.vindhemskoren.se\/wordpress\/index.php?rest_route=\/wp\/v2\/posts\/854","targetHints":{"allow":["GET"]}}],"collection":[{"href":"https:\/\/www.vindhemskoren.se\/wordpress\/index.php?rest_route=\/wp\/v2\/posts"}],"about":[{"href":"https:\/\/www.vindhemskoren.se\/wordpress\/index.php?rest_route=\/wp\/v2\/types\/post"}],"author":[{"embeddable":true,"href":"https:\/\/www.vindhemskoren.se\/wordpress\/index.php?rest_route=\/wp\/v2\/users\/1"}],"replies":[{"embeddable":true,"href":"https:\/\/www.vindhemskoren.se\/wordpress\/index.php?rest_route=%2Fwp%2Fv2%2Fcomments&post=854"}],"version-history":[{"count":25,"href":"https:\/\/www.vindhemskoren.se\/wordpress\/index.php?rest_route=\/wp\/v2\/posts\/854\/revisions"}],"predecessor-version":[{"id":880,"href":"https:\/\/www.vindhemskoren.se\/wordpress\/index.php?rest_route=\/wp\/v2\/posts\/854\/revisions\/880"}],"wp:attachment":[{"href":"https:\/\/www.vindhemskoren.se\/wordpress\/index.php?rest_route=%2Fwp%2Fv2%2Fmedia&parent=854"}],"wp:term":[{"taxonomy":"category","embeddable":true,"href":"https:\/\/www.vindhemskoren.se\/wordpress\/index.php?rest_route=%2Fwp%2Fv2%2Fcategories&post=854"},{"taxonomy":"post_tag","embeddable":true,"href":"https:\/\/www.vindhemskoren.se\/wordpress\/index.php?rest_route=%2Fwp%2Fv2%2Ftags&post=854"}],"curies":[{"name":"wp","href":"https:\/\/api.w.org\/{rel}","templated":true}]}}