{"id":882,"date":"2023-01-15T09:57:10","date_gmt":"2023-01-15T08:57:10","guid":{"rendered":"http:\/\/www.vindhemskoren.se\/?p=882"},"modified":"2023-01-15T09:57:11","modified_gmt":"2023-01-15T08:57:11","slug":"dags-for-korsang-igen","status":"publish","type":"post","link":"https:\/\/www.vindhemskoren.se\/wordpress\/?p=882","title":{"rendered":"Dags f\u00f6r k\u00f6rs\u00e5ng igen"},"content":{"rendered":"<div id=\"pl-882\"  class=\"panel-layout\" ><div id=\"pg-882-0\"  class=\"panel-grid panel-no-style\" ><div id=\"pgc-882-0-0\"  class=\"panel-grid-cell\" ><div id=\"panel-882-0-0-0\" class=\"so-panel widget widget_sow-editor panel-first-child panel-last-child\" data-index=\"0\" ><div\n\t\t\t\n\t\t\tclass=\"so-widget-sow-editor so-widget-sow-editor-base\"\n\t\t\t\n\t\t>\n<div class=\"siteorigin-widget-tinymce textwidget\">\n\t<p>Nu har storhelgerna jul, ny\u00e5r och trettondagen passerat, f\u00f6rhoppningsvis med gl\u00e4dje och avkoppling f\u00f6r de flesta. Sedan f\u00f6ljer de s\u00e5 kallade oxveckorna, en tid utan n\u00e5gra st\u00f6rre helger utan i st\u00e4llet den vanliga vardagslunken. Det kan k\u00e4nnas lugnt och sk\u00f6nt eller tomt och trist, men dagsljuset tilltar f\u00f6r varje dag, och \u00e4nnu finns det mycket att njuta av \u00e4ven i vintertid.<br \/>\nEn del k\u00f6rmedlemmar har haft tillf\u00e4lle att sjunga i k\u00f6r \u00e4ven under juluppeh\u00e5llet. P\u00e5 juldagen och trettondagen samlades n\u00e5gra korister fr\u00e5n Vindhemsk\u00f6ren och Stefanosk\u00f6ren, som ocks\u00e5 har sin hemvist i Vindhemskyrkan, och framtr\u00e4dde vid h\u00f6gm\u00e4ssorna.<br \/>\nDen 19 januari \u00e5terupptar vi repetitionerna i Vindhemskyrkan. V\u00e5r f\u00f6rsta gudstj\u00e4nstsjungning i \u00e5r \u00e4ger rum p\u00e5 kyndelsm\u00e4ssodagen den 5 februari. Temat f\u00f6r den s\u00f6ndagen \u00e4r Uppenbarelsens ljus, vilket avspeglas i den musik vi sjunger.<br \/>\nF\u00f6rutom v\u00e5ra framtr\u00e4danden i konserter och olika gudstj\u00e4nster, inte minst i p\u00e5sktiden, kommer vi att \u00e4gna v\u00e5ren \u00e5t att \u00f6va in en repertoar f\u00f6r den Estlandsresa vi hoppas kunna g\u00f6ra i slutet av sommaren. Det blir i s\u00e5 fall tredje g\u00e5ngen gillt, sedan olika orosfaktorer i omgivningen har hindrat oss fr\u00e5n att genomf\u00f6ra resan de senaste tv\u00e5 \u00e5ren.<br \/>\nInf\u00f6r v\u00e5ra olika framtr\u00e4danden under v\u00e5ren och inf\u00f6r v\u00e5r planerade Estlandsresa beh\u00f6ver vi tillskott framf\u00f6r allt i altst\u00e4mman. Du som \u00e4r intresserad, h\u00f6r av dig till v\u00e5r k\u00f6rledare Peter Melin! Hans telefon och e-postadress hittar du b\u00e5de under rubriken Sjung med oss och Kontakt i sidhuvudet h\u00e4r ovan.<\/p>\n<p>V\u00e4lkomna till gudstj\u00e4nster och konserter i Vindhemskyrkan! H\u00e4r intill finns kalendariet d\u00e4r v\u00e5ra olika framtr\u00e4danden \u00e4r noterade.<\/p>\n<\/div>\n<\/div><\/div><\/div><\/div><div id=\"pg-882-1\"  class=\"panel-grid panel-no-style\" ><div id=\"pgc-882-1-0\"  class=\"panel-grid-cell\" ><div id=\"panel-882-1-0-0\" class=\"so-panel widget widget_sow-image panel-first-child panel-last-child\" data-index=\"1\" ><div\n\t\t\t\n\t\t\tclass=\"so-widget-sow-image so-widget-sow-image-default-8b5b6f678277-882\"\n\t\t\t\n\t\t>\n<div class=\"sow-image-container\">\n\t\t<img \n\tsrc=\"https:\/\/www.vindhemskoren.se\/wordpress\/wp-content\/uploads\/2023\/01\/Ulva-kvarn-Vinter-2-beskuren.jpg\" width=\"1899\" height=\"1753\" srcset=\"https:\/\/www.vindhemskoren.se\/wordpress\/wp-content\/uploads\/2023\/01\/Ulva-kvarn-Vinter-2-beskuren.jpg 1899w, https:\/\/www.vindhemskoren.se\/wordpress\/wp-content\/uploads\/2023\/01\/Ulva-kvarn-Vinter-2-beskuren-300x277.jpg 300w, https:\/\/www.vindhemskoren.se\/wordpress\/wp-content\/uploads\/2023\/01\/Ulva-kvarn-Vinter-2-beskuren-768x709.jpg 768w, https:\/\/www.vindhemskoren.se\/wordpress\/wp-content\/uploads\/2023\/01\/Ulva-kvarn-Vinter-2-beskuren-1024x945.jpg 1024w, https:\/\/www.vindhemskoren.se\/wordpress\/wp-content\/uploads\/2023\/01\/Ulva-kvarn-Vinter-2-beskuren-325x300.jpg 325w\" sizes=\"(max-width: 1899px) 100vw, 1899px\" title=\"Ulva kvarn Vinter 2 beskuren\" alt=\"\" \t\tclass=\"so-widget-image\"\/>\n\t<\/div>\n\n<\/div><\/div><\/div><\/div><\/div>","protected":false},"excerpt":{"rendered":"<p>Nu har storhelgerna jul, ny\u00e5r och trettondagen passerat, f\u00f6rhoppningsvis med gl\u00e4dje och avkoppling f\u00f6r de flesta. Sedan f\u00f6ljer de s\u00e5 kallade oxveckorna, en tid utan n\u00e5gra st\u00f6rre helger utan i st\u00e4llet den vanliga vardagslunken. Det kan k\u00e4nnas lugnt och sk\u00f6nt &hellip; <a href=\"https:\/\/www.vindhemskoren.se\/wordpress\/?p=882\">Forts\u00e4tt l\u00e4sa <span class=\"meta-nav\">&rarr;<\/span><\/a><\/p>\n","protected":false},"author":1,"featured_media":0,"comment_status":"closed","ping_status":"closed","sticky":false,"template":"","format":"standard","meta":{"_s2mail":"","footnotes":""},"categories":[1],"tags":[],"class_list":["post-882","post","type-post","status-publish","format-standard","hentry","category-uncategorized"],"_links":{"self":[{"href":"https:\/\/www.vindhemskoren.se\/wordpress\/index.php?rest_route=\/wp\/v2\/posts\/882","targetHints":{"allow":["GET"]}}],"collection":[{"href":"https:\/\/www.vindhemskoren.se\/wordpress\/index.php?rest_route=\/wp\/v2\/posts"}],"about":[{"href":"https:\/\/www.vindhemskoren.se\/wordpress\/index.php?rest_route=\/wp\/v2\/types\/post"}],"author":[{"embeddable":true,"href":"https:\/\/www.vindhemskoren.se\/wordpress\/index.php?rest_route=\/wp\/v2\/users\/1"}],"replies":[{"embeddable":true,"href":"https:\/\/www.vindhemskoren.se\/wordpress\/index.php?rest_route=%2Fwp%2Fv2%2Fcomments&post=882"}],"version-history":[{"count":10,"href":"https:\/\/www.vindhemskoren.se\/wordpress\/index.php?rest_route=\/wp\/v2\/posts\/882\/revisions"}],"predecessor-version":[{"id":893,"href":"https:\/\/www.vindhemskoren.se\/wordpress\/index.php?rest_route=\/wp\/v2\/posts\/882\/revisions\/893"}],"wp:attachment":[{"href":"https:\/\/www.vindhemskoren.se\/wordpress\/index.php?rest_route=%2Fwp%2Fv2%2Fmedia&parent=882"}],"wp:term":[{"taxonomy":"category","embeddable":true,"href":"https:\/\/www.vindhemskoren.se\/wordpress\/index.php?rest_route=%2Fwp%2Fv2%2Fcategories&post=882"},{"taxonomy":"post_tag","embeddable":true,"href":"https:\/\/www.vindhemskoren.se\/wordpress\/index.php?rest_route=%2Fwp%2Fv2%2Ftags&post=882"}],"curies":[{"name":"wp","href":"https:\/\/api.w.org\/{rel}","templated":true}]}}