{"id":895,"date":"2023-03-10T09:28:36","date_gmt":"2023-03-10T08:28:36","guid":{"rendered":"http:\/\/www.vindhemskoren.se\/?p=895"},"modified":"2023-03-10T09:28:37","modified_gmt":"2023-03-10T08:28:37","slug":"konsert-gudstjanster-och-reserepertoar","status":"publish","type":"post","link":"https:\/\/www.vindhemskoren.se\/wordpress\/?p=895","title":{"rendered":"Konsert, gudstj\u00e4nster och reserepertoar"},"content":{"rendered":"<div id=\"pl-895\"  class=\"panel-layout\" ><div id=\"pg-895-0\"  class=\"panel-grid panel-no-style\" ><div id=\"pgc-895-0-0\"  class=\"panel-grid-cell\" ><div id=\"panel-895-0-0-0\" class=\"so-panel widget widget_sow-editor panel-first-child panel-last-child\" data-index=\"0\" ><div\n\t\t\t\n\t\t\tclass=\"so-widget-sow-editor so-widget-sow-editor-base\"\n\t\t\t\n\t\t>\n<div class=\"siteorigin-widget-tinymce textwidget\">\n\t<p>Vi har kommit en bit in i fastan f\u00f6re p\u00e5sk, d\u00e5 vi sj\u00e4lvklart deltar med s\u00e5ng p\u00e5 gudstj\u00e4nsterna p\u00e5 l\u00e5ngfredagen och p\u00e5skdagen. Men innan dess h\u00e4nder en del annat. Den 11 mars deltar Vindhemsk\u00f6ren i en k\u00f6rdag med Uppsala stifts kyrkos\u00e5ngsf\u00f6rbund. D\u00e5 samlas n\u00e5gra hundra k\u00f6rs\u00e5ngare fr\u00e5n hela stiftet f\u00f6r finslipning inf\u00f6r den konsert som ges p\u00e5 kv\u00e4llen. Tv\u00e5 \u00f6vningsdagar har tidigare h\u00e5llits i G\u00e4vle respektive Uppsala. Vid konserten framf\u00f6rs Franz Schuberts M\u00e4ssa i G-dur, och n\u00e5gra kortare stycken av tv\u00e5 engelska tons\u00e4ttare samt ett fr\u00e5n den ortodoxa kyrkan.<\/p>\n<p>Redan dagen efter, 12 mars, medverkar vi i gudstj\u00e4nsten i Vindhemskyrkan och tar troligen med oss n\u00e5got av de kortare styckena fr\u00e5n l\u00f6rdagens konsert.<\/p>\n<p>Under resten av v\u00e5ren l\u00e4gger vi ocks\u00e5 mycket tid och energi p\u00e5 att f\u00f6rbereda ett konsertprogram till den Estlandsresa vi planerar att g\u00f6ra p\u00e5 sensommaren. Eftersom vi redan tidigare har hoppats kunna g\u00f6ra den h\u00e4r resan, har vi redan \u00f6vat in en hel del repertoar. Stora delar av den beh\u00e5ller vi, medan somligt l\u00e4ggs till och ett och annat stycke kanske utg\u00e5r. Den 6 maj ska vi ha en heldags k\u00f6r\u00f6vning med inriktning p\u00e5 Estlandsresan, men vi ska ocks\u00e5 presentera repertoaren f\u00f6r Uppsalaborna med en f\u00f6rsommarkonsert den 3 juni.<\/p>\n<p>H\u00e5ll utkik efter v\u00e5ra kommande framtr\u00e4danden i gudstj\u00e4nster och konserter i kalendariet h\u00e4r intill och v\u00e4lkomna att lyssna p\u00e5 oss!<\/p>\n<\/div>\n<\/div><\/div><\/div><\/div><div id=\"pg-895-1\"  class=\"panel-grid panel-no-style\" ><div id=\"pgc-895-1-0\"  class=\"panel-grid-cell\" ><div id=\"panel-895-1-0-0\" class=\"so-panel widget widget_sow-image panel-first-child panel-last-child\" data-index=\"1\" ><div\n\t\t\t\n\t\t\tclass=\"so-widget-sow-image so-widget-sow-image-default-8b5b6f678277-895\"\n\t\t\t\n\t\t>\n<div class=\"sow-image-container\">\n\t\t<img \n\tsrc=\"https:\/\/www.vindhemskoren.se\/wordpress\/wp-content\/uploads\/2023\/03\/Vinter-mars-2023-2.jpg\" width=\"2109\" height=\"1944\" srcset=\"https:\/\/www.vindhemskoren.se\/wordpress\/wp-content\/uploads\/2023\/03\/Vinter-mars-2023-2.jpg 2109w, https:\/\/www.vindhemskoren.se\/wordpress\/wp-content\/uploads\/2023\/03\/Vinter-mars-2023-2-300x277.jpg 300w, https:\/\/www.vindhemskoren.se\/wordpress\/wp-content\/uploads\/2023\/03\/Vinter-mars-2023-2-768x708.jpg 768w, https:\/\/www.vindhemskoren.se\/wordpress\/wp-content\/uploads\/2023\/03\/Vinter-mars-2023-2-1024x944.jpg 1024w, https:\/\/www.vindhemskoren.se\/wordpress\/wp-content\/uploads\/2023\/03\/Vinter-mars-2023-2-325x300.jpg 325w\" sizes=\"(max-width: 2109px) 100vw, 2109px\" title=\"Vinter mars 2023 2\" alt=\"\" \t\tclass=\"so-widget-image\"\/>\n\t<\/div>\n\n<\/div><\/div><\/div><\/div><\/div>","protected":false},"excerpt":{"rendered":"<p>Vi har kommit en bit in i fastan f\u00f6re p\u00e5sk, d\u00e5 vi sj\u00e4lvklart deltar med s\u00e5ng p\u00e5 gudstj\u00e4nsterna p\u00e5 l\u00e5ngfredagen och p\u00e5skdagen. Men innan dess h\u00e4nder en del annat. Den 11 mars deltar Vindhemsk\u00f6ren i en k\u00f6rdag med Uppsala stifts &hellip; <a href=\"https:\/\/www.vindhemskoren.se\/wordpress\/?p=895\">Forts\u00e4tt l\u00e4sa <span class=\"meta-nav\">&rarr;<\/span><\/a><\/p>\n","protected":false},"author":1,"featured_media":0,"comment_status":"closed","ping_status":"closed","sticky":false,"template":"","format":"standard","meta":{"_s2mail":"","footnotes":""},"categories":[1],"tags":[],"class_list":["post-895","post","type-post","status-publish","format-standard","hentry","category-uncategorized"],"_links":{"self":[{"href":"https:\/\/www.vindhemskoren.se\/wordpress\/index.php?rest_route=\/wp\/v2\/posts\/895","targetHints":{"allow":["GET"]}}],"collection":[{"href":"https:\/\/www.vindhemskoren.se\/wordpress\/index.php?rest_route=\/wp\/v2\/posts"}],"about":[{"href":"https:\/\/www.vindhemskoren.se\/wordpress\/index.php?rest_route=\/wp\/v2\/types\/post"}],"author":[{"embeddable":true,"href":"https:\/\/www.vindhemskoren.se\/wordpress\/index.php?rest_route=\/wp\/v2\/users\/1"}],"replies":[{"embeddable":true,"href":"https:\/\/www.vindhemskoren.se\/wordpress\/index.php?rest_route=%2Fwp%2Fv2%2Fcomments&post=895"}],"version-history":[{"count":12,"href":"https:\/\/www.vindhemskoren.se\/wordpress\/index.php?rest_route=\/wp\/v2\/posts\/895\/revisions"}],"predecessor-version":[{"id":909,"href":"https:\/\/www.vindhemskoren.se\/wordpress\/index.php?rest_route=\/wp\/v2\/posts\/895\/revisions\/909"}],"wp:attachment":[{"href":"https:\/\/www.vindhemskoren.se\/wordpress\/index.php?rest_route=%2Fwp%2Fv2%2Fmedia&parent=895"}],"wp:term":[{"taxonomy":"category","embeddable":true,"href":"https:\/\/www.vindhemskoren.se\/wordpress\/index.php?rest_route=%2Fwp%2Fv2%2Fcategories&post=895"},{"taxonomy":"post_tag","embeddable":true,"href":"https:\/\/www.vindhemskoren.se\/wordpress\/index.php?rest_route=%2Fwp%2Fv2%2Ftags&post=895"}],"curies":[{"name":"wp","href":"https:\/\/api.w.org\/{rel}","templated":true}]}}