{"id":912,"date":"2023-05-02T22:35:39","date_gmt":"2023-05-02T20:35:39","guid":{"rendered":"http:\/\/www.vindhemskoren.se\/?p=912"},"modified":"2023-05-02T22:37:58","modified_gmt":"2023-05-02T20:37:58","slug":"912","status":"publish","type":"post","link":"https:\/\/www.vindhemskoren.se\/wordpress\/?p=912","title":{"rendered":"V\u00e5rs\u00e5ng av olika slag"},"content":{"rendered":"<div id=\"pl-912\"  class=\"panel-layout\" ><div id=\"pg-912-0\"  class=\"panel-grid panel-no-style\" ><div id=\"pgc-912-0-0\"  class=\"panel-grid-cell\" ><div id=\"panel-912-0-0-0\" class=\"so-panel widget widget_sow-editor panel-first-child panel-last-child\" data-index=\"0\" ><div\n\t\t\t\n\t\t\tclass=\"so-widget-sow-editor so-widget-sow-editor-base\"\n\t\t\t\n\t\t>\n<div class=\"siteorigin-widget-tinymce textwidget\">\n\t<p>Den som har k\u00e4nt n\u00e5gon tvekan om v\u00e5rens ankomst kan v\u00e4l vid det h\u00e4r laget k\u00e4nna sig rej\u00e4lt \u00f6vertygad: v\u00e5ren \u00e4r h\u00e4r! Blommor av alla slag smyger upp ur marken, f\u00e5glarna har konsert b\u00e5de tidiga morgnar och sena kv\u00e4llar, och uteserveringarna \u00e4r fullsatta vissa dagar.<\/p>\n<p>F\u00f6r n\u00e5gra veckor sen medverkade Vindhemsk\u00f6ren i gudstj\u00e4nsterna p\u00e5 l\u00e5ngfredagen och p\u00e5skdagen, i \u00e5r \u00e4ven tillsammans med korister ur bland annat Stefanosk\u00f6ren, som sedan i h\u00f6stas ocks\u00e5 har sin hemvist i Vindhemskyrkan.<\/p>\n<p>Nu satsar vi f\u00f6r fullt p\u00e5 att f\u00f6rbereda ett konsertprogram till den Estlandsresa vi planerar att g\u00f6ra p\u00e5 sensommaren. En del av repertoaren beh\u00e5ller vi sen tidigare \u00e5r, medan annat l\u00e4ggs till. Den 6 maj ska vi ha en heldags k\u00f6r\u00f6vning med inriktning p\u00e5 Estlandsresan, men vi ska ocks\u00e5 presentera repertoaren f\u00f6r Uppsalaborna med en f\u00f6rsommarkonsert den 10 juni (OBS \u00e4ndrat datum!).<\/p>\n<p>Innan dess sjunger vi i Vindhemskyrkans gudstj\u00e4nst 14 maj och bjuder sannolikt p\u00e5 inslag fr\u00e5n v\u00e5r Estlandsrepertoar. H\u00e5ll utkik efter v\u00e5ra kommande framtr\u00e4danden i gudstj\u00e4nster och konserter i kalendariet h\u00e4r intill och v\u00e4lkomna att lyssna p\u00e5 oss!<\/p>\n<\/div>\n<\/div><\/div><\/div><\/div><div id=\"pg-912-1\"  class=\"panel-grid panel-no-style\" ><div id=\"pgc-912-1-0\"  class=\"panel-grid-cell\" ><div id=\"panel-912-1-0-0\" class=\"so-panel widget widget_sow-image panel-first-child panel-last-child\" data-index=\"1\" ><div\n\t\t\t\n\t\t\tclass=\"so-widget-sow-image so-widget-sow-image-default-8b5b6f678277-912\"\n\t\t\t\n\t\t>\n<div class=\"sow-image-container\">\n\t\t<img \n\tsrc=\"https:\/\/www.vindhemskoren.se\/wordpress\/wp-content\/uploads\/2023\/05\/Scillor-med-v\u00e4g-1.jpg\" width=\"1440\" height=\"1010\" srcset=\"https:\/\/www.vindhemskoren.se\/wordpress\/wp-content\/uploads\/2023\/05\/Scillor-med-v\u00e4g-1.jpg 1440w, https:\/\/www.vindhemskoren.se\/wordpress\/wp-content\/uploads\/2023\/05\/Scillor-med-v\u00e4g-1-300x210.jpg 300w, https:\/\/www.vindhemskoren.se\/wordpress\/wp-content\/uploads\/2023\/05\/Scillor-med-v\u00e4g-1-768x539.jpg 768w, https:\/\/www.vindhemskoren.se\/wordpress\/wp-content\/uploads\/2023\/05\/Scillor-med-v\u00e4g-1-1024x718.jpg 1024w, https:\/\/www.vindhemskoren.se\/wordpress\/wp-content\/uploads\/2023\/05\/Scillor-med-v\u00e4g-1-428x300.jpg 428w\" sizes=\"(max-width: 1440px) 100vw, 1440px\" title=\"Scillor med v\u00e4g\" alt=\"\" \t\tclass=\"so-widget-image\"\/>\n\t<\/div>\n\n<\/div><\/div><\/div><\/div><\/div>","protected":false},"excerpt":{"rendered":"<p>Den som har k\u00e4nt n\u00e5gon tvekan om v\u00e5rens ankomst kan v\u00e4l vid det h\u00e4r laget k\u00e4nna sig rej\u00e4lt \u00f6vertygad: v\u00e5ren \u00e4r h\u00e4r! Blommor av alla slag smyger upp ur marken, f\u00e5glarna har konsert b\u00e5de tidiga morgnar och sena kv\u00e4llar, och &hellip; <a href=\"https:\/\/www.vindhemskoren.se\/wordpress\/?p=912\">Forts\u00e4tt l\u00e4sa <span class=\"meta-nav\">&rarr;<\/span><\/a><\/p>\n","protected":false},"author":3,"featured_media":0,"comment_status":"closed","ping_status":"closed","sticky":false,"template":"","format":"standard","meta":{"_s2mail":"","footnotes":""},"categories":[1],"tags":[],"class_list":["post-912","post","type-post","status-publish","format-standard","hentry","category-uncategorized"],"_links":{"self":[{"href":"https:\/\/www.vindhemskoren.se\/wordpress\/index.php?rest_route=\/wp\/v2\/posts\/912","targetHints":{"allow":["GET"]}}],"collection":[{"href":"https:\/\/www.vindhemskoren.se\/wordpress\/index.php?rest_route=\/wp\/v2\/posts"}],"about":[{"href":"https:\/\/www.vindhemskoren.se\/wordpress\/index.php?rest_route=\/wp\/v2\/types\/post"}],"author":[{"embeddable":true,"href":"https:\/\/www.vindhemskoren.se\/wordpress\/index.php?rest_route=\/wp\/v2\/users\/3"}],"replies":[{"embeddable":true,"href":"https:\/\/www.vindhemskoren.se\/wordpress\/index.php?rest_route=%2Fwp%2Fv2%2Fcomments&post=912"}],"version-history":[{"count":20,"href":"https:\/\/www.vindhemskoren.se\/wordpress\/index.php?rest_route=\/wp\/v2\/posts\/912\/revisions"}],"predecessor-version":[{"id":936,"href":"https:\/\/www.vindhemskoren.se\/wordpress\/index.php?rest_route=\/wp\/v2\/posts\/912\/revisions\/936"}],"wp:attachment":[{"href":"https:\/\/www.vindhemskoren.se\/wordpress\/index.php?rest_route=%2Fwp%2Fv2%2Fmedia&parent=912"}],"wp:term":[{"taxonomy":"category","embeddable":true,"href":"https:\/\/www.vindhemskoren.se\/wordpress\/index.php?rest_route=%2Fwp%2Fv2%2Fcategories&post=912"},{"taxonomy":"post_tag","embeddable":true,"href":"https:\/\/www.vindhemskoren.se\/wordpress\/index.php?rest_route=%2Fwp%2Fv2%2Ftags&post=912"}],"curies":[{"name":"wp","href":"https:\/\/api.w.org\/{rel}","templated":true}]}}