{"id":951,"date":"2023-07-24T21:44:34","date_gmt":"2023-07-24T19:44:34","guid":{"rendered":"http:\/\/www.vindhemskoren.se\/?p=951"},"modified":"2023-07-24T21:44:34","modified_gmt":"2023-07-24T19:44:34","slug":"sommarglimtar","status":"publish","type":"post","link":"https:\/\/www.vindhemskoren.se\/wordpress\/?p=951","title":{"rendered":"Sommarglimtar"},"content":{"rendered":"<div id=\"pl-951\"  class=\"panel-layout\" ><div id=\"pg-951-0\"  class=\"panel-grid panel-no-style\" ><div id=\"pgc-951-0-0\"  class=\"panel-grid-cell\" ><div id=\"panel-951-0-0-0\" class=\"so-panel widget widget_sow-editor panel-first-child panel-last-child\" data-index=\"0\" ><div\n\t\t\t\n\t\t\tclass=\"so-widget-sow-editor so-widget-sow-editor-base\"\n\t\t\t\n\t\t>\n<div class=\"siteorigin-widget-tinymce textwidget\">\n\t<p>Vilken fin sommar vi har i \u00e5r! Hittills har vi i Sverige sluppit den katastrofv\u00e4rme som har drabbat bland annat Sydeuropa, och i st\u00e4llet f\u00e5r vi njuta av ljumma dagar med omv\u00e4xlande sol, molntappar och regnskurar.<\/p>\n<p>Vindhemsk\u00f6ren har haft \u201dsommarlov\u201d ganska l\u00e4nge nu, men snart \u00e4r det dags f\u00f6r v\u00e5r Estlandsresa, och innan dess ger vi en konsert i \u00d6sterbybruk med smakprov fr\u00e5n turn\u00e9programmet.<\/p>\n<p>I slutet av augusti b\u00f6rjar vi v\u00e5ra vanliga k\u00f6r\u00f6vningar i Vindhemskyrkan. Den som vill vara med och sjunga kan ta kontakt med v\u00e5r k\u00f6rledare Peter Melin f\u00f6r mer information. Peters telefon och e-postadress finns under rubriken Sjung med oss och Kontakt i sidhuvudet h\u00e4r ovan.<\/p>\n<\/div>\n<\/div><\/div><\/div><\/div><div id=\"pg-951-1\"  class=\"panel-grid panel-no-style\" ><div id=\"pgc-951-1-0\"  class=\"panel-grid-cell\" ><div id=\"panel-951-1-0-0\" class=\"so-panel widget widget_sow-image panel-first-child panel-last-child\" data-index=\"1\" ><div\n\t\t\t\n\t\t\tclass=\"so-widget-sow-image so-widget-sow-image-default-8b5b6f678277-951\"\n\t\t\t\n\t\t>\n<div class=\"sow-image-container\">\n\t\t<img \n\tsrc=\"https:\/\/www.vindhemskoren.se\/wordpress\/wp-content\/uploads\/2023\/07\/IMG_8492-2.jpg\" width=\"2487\" height=\"1865\" srcset=\"https:\/\/www.vindhemskoren.se\/wordpress\/wp-content\/uploads\/2023\/07\/IMG_8492-2.jpg 2487w, https:\/\/www.vindhemskoren.se\/wordpress\/wp-content\/uploads\/2023\/07\/IMG_8492-2-300x225.jpg 300w, https:\/\/www.vindhemskoren.se\/wordpress\/wp-content\/uploads\/2023\/07\/IMG_8492-2-768x576.jpg 768w, https:\/\/www.vindhemskoren.se\/wordpress\/wp-content\/uploads\/2023\/07\/IMG_8492-2-1024x768.jpg 1024w, https:\/\/www.vindhemskoren.se\/wordpress\/wp-content\/uploads\/2023\/07\/IMG_8492-2-400x300.jpg 400w\" sizes=\"(max-width: 2487px) 100vw, 2487px\" title=\"IMG_8492 (2)\" alt=\"\" \t\tclass=\"so-widget-image\"\/>\n\t<\/div>\n\n<\/div><\/div><\/div><\/div><\/div>","protected":false},"excerpt":{"rendered":"<p>Vilken fin sommar vi har i \u00e5r! Hittills har vi i Sverige sluppit den katastrofv\u00e4rme som har drabbat bland annat Sydeuropa, och i st\u00e4llet f\u00e5r vi njuta av ljumma dagar med omv\u00e4xlande sol, molntappar och regnskurar. Vindhemsk\u00f6ren har haft \u201dsommarlov\u201d &hellip; <a href=\"https:\/\/www.vindhemskoren.se\/wordpress\/?p=951\">Forts\u00e4tt l\u00e4sa <span class=\"meta-nav\">&rarr;<\/span><\/a><\/p>\n","protected":false},"author":1,"featured_media":0,"comment_status":"closed","ping_status":"closed","sticky":false,"template":"","format":"standard","meta":{"_s2mail":"","footnotes":""},"categories":[1],"tags":[],"class_list":["post-951","post","type-post","status-publish","format-standard","hentry","category-uncategorized"],"_links":{"self":[{"href":"https:\/\/www.vindhemskoren.se\/wordpress\/index.php?rest_route=\/wp\/v2\/posts\/951","targetHints":{"allow":["GET"]}}],"collection":[{"href":"https:\/\/www.vindhemskoren.se\/wordpress\/index.php?rest_route=\/wp\/v2\/posts"}],"about":[{"href":"https:\/\/www.vindhemskoren.se\/wordpress\/index.php?rest_route=\/wp\/v2\/types\/post"}],"author":[{"embeddable":true,"href":"https:\/\/www.vindhemskoren.se\/wordpress\/index.php?rest_route=\/wp\/v2\/users\/1"}],"replies":[{"embeddable":true,"href":"https:\/\/www.vindhemskoren.se\/wordpress\/index.php?rest_route=%2Fwp%2Fv2%2Fcomments&post=951"}],"version-history":[{"count":4,"href":"https:\/\/www.vindhemskoren.se\/wordpress\/index.php?rest_route=\/wp\/v2\/posts\/951\/revisions"}],"predecessor-version":[{"id":956,"href":"https:\/\/www.vindhemskoren.se\/wordpress\/index.php?rest_route=\/wp\/v2\/posts\/951\/revisions\/956"}],"wp:attachment":[{"href":"https:\/\/www.vindhemskoren.se\/wordpress\/index.php?rest_route=%2Fwp%2Fv2%2Fmedia&parent=951"}],"wp:term":[{"taxonomy":"category","embeddable":true,"href":"https:\/\/www.vindhemskoren.se\/wordpress\/index.php?rest_route=%2Fwp%2Fv2%2Fcategories&post=951"},{"taxonomy":"post_tag","embeddable":true,"href":"https:\/\/www.vindhemskoren.se\/wordpress\/index.php?rest_route=%2Fwp%2Fv2%2Ftags&post=951"}],"curies":[{"name":"wp","href":"https:\/\/api.w.org\/{rel}","templated":true}]}}