{"id":959,"date":"2023-08-09T12:59:01","date_gmt":"2023-08-09T10:59:01","guid":{"rendered":"https:\/\/www.vindhemskoren.se\/wordpress\/?p=959"},"modified":"2023-08-09T12:59:01","modified_gmt":"2023-08-09T10:59:01","slug":"lyckad-resa-till-grannland-i-oster","status":"publish","type":"post","link":"https:\/\/www.vindhemskoren.se\/wordpress\/?p=959","title":{"rendered":"Lyckad resa till grannland i \u00f6ster"},"content":{"rendered":"<div id=\"pl-959\"  class=\"panel-layout\" ><div id=\"pg-959-0\"  class=\"panel-grid panel-no-style\" ><div id=\"pgc-959-0-0\"  class=\"panel-grid-cell\" ><div id=\"panel-959-0-0-0\" class=\"so-panel widget widget_sow-editor panel-first-child panel-last-child\" data-index=\"0\" ><div\n\t\t\t\n\t\t\tclass=\"so-widget-sow-editor so-widget-sow-editor-base\"\n\t\t\t\n\t\t>\n<div class=\"siteorigin-widget-tinymce textwidget\">\n\t<p>V\u00e5r l\u00e4nge planerade resa till Estland blev verkligen lyckad och rik p\u00e5 upplevelser! Vi k\u00e4nner stor tacksamhet mot alla som har medverkat p\u00e5 olika s\u00e4tt: f\u00f6rsamlingar och v\u00e4rdar som tog emot oss med v\u00e4rme och v\u00e4nlighet, v\u00e5r resekommitt\u00e9 som noggrant hade planlagt resan, v\u00e5r h\u00e4rliga busschauff\u00f6r som med osviklig s\u00e4kerhet rattade bussen, och f\u00f6rst\u00e5s sist men inte minst, v\u00e5r k\u00f6rledare Peter Melin!<\/p>\n<p>Efter en natt p\u00e5 b\u00e5t anl\u00e4nde vi till Tallinn, d\u00e4r vi hann med n\u00e5gra timmars sightseeing innan det bar av till Tartu, ett par timmars resa mot sydost. Tartu \u00e4r Estlands \u00e4ldsta stad, och dess universitet grundades 1632 av Gustav II Adolf och generalguvern\u00f6ren Johan Skytte. Mellan 1561 och 1721 var Estland en svensk besittning, som av estl\u00e4ndare ofta ben\u00e4mns som \u201dden goda svenska tiden\u201d.<\/p>\n<p>F\u00f6rutom bes\u00f6k p\u00e5 universitetets museum och Estlands nationalmuseum medverkade k\u00f6ren i h\u00f6gm\u00e4ssan i Pauluskyrkan och gav en v\u00e4lbes\u00f6kt konsert i Tubina-salen.<\/p>\n<p>F\u00f6ljande dag gick resan vidare till Estlands sommarhuvudstad P\u00e4rnu vid Rigabukten. Underbara str\u00e4nder f\u00f6r den som ville ta ett dopp i havet. F\u00f6r den som f\u00f6redrog inomhusbad fanns en stor v\u00e4lutrustad badanl\u00e4ggning p\u00e5 hotellet. \u00c4ven h\u00e4r gav vi en konsert, nu i Eliisabetkyrkan, invigd 1750 och uppkallad efter den ryska kejsarinnan Elizaveta.<\/p>\n<p>Vi var m\u00e5nga som s\u00e5g fram mot att bes\u00f6ka \u00d6sel (Saaremaa), Estlands st\u00f6rsta \u00f6, f\u00f6ljande dag. Via f\u00e4rja och bro tog vi oss vidare till \u00f6ns huvudstad Kuressaare. \u00c4ven h\u00e4r fanns m\u00f6jlighet till havsbad eller inomhusdopp. En tur ner till \u00f6ns sydspets f\u00f6ljande dag var f\u00f6r m\u00e5nga en av resans h\u00f6jdpunkter, inte bara p\u00e5 grund av att den h\u00f6gsta fyren i \u00d6stersj\u00f6n, S\u00f5rve, finns h\u00e4r.<\/p>\n<p>En annan h\u00f6jdpunkt upplevde vi samma dag i den lilla orten Kihelkonna. D\u00e4r blev vi varmt mottagna av Kihelkonnak\u00f6ren och gav p\u00e5 kv\u00e4llen en konsert i S:t Mikaelskyrkan. F\u00f6re resan hade vi utv\u00e4xlat s\u00e5nger, s\u00e5 att Kihelkonnak\u00f6ren hade \u00f6vat in Uti v\u00e5r hage och Vindhemsk\u00f6ren (efter b\u00e4sta f\u00f6rm\u00e5ga) Ma olen v\u00e4ike karjane. Efter konserten samlades vi i hembygdsg\u00e5rden och upplevde en gemenskap som \u00e4r sv\u00e5r att hitta p\u00e5 annat h\u00e5ll \u00e4n n\u00e4r k\u00f6rs\u00e5ngare m\u00f6ts.<\/p>\n<p>Nu \u00e4r vi hemma igen och sm\u00e4lter alla intryck fr\u00e5n v\u00e5r fina resa. Men den 24 augusti \u00e5terupptar vi v\u00e5ra ordinarie k\u00f6r\u00f6vningar i Vindhemskyrkan. Om du \u00e4r intresserad av att vara med, s\u00e5 kontakta v\u00e5r k\u00f6rledare Peter Melin f\u00f6r mer information. Peters telefon och e-postadress finns under rubriken Sjung med oss och Kontakt i sidhuvudet h\u00e4r ovan.<\/p>\n<p>Titta ocks\u00e5 efter v\u00e5ra kommande framtr\u00e4danden i gudstj\u00e4nster och konserter i kalendariet h\u00e4r intill!<\/p>\n<\/div>\n<\/div><\/div><\/div><\/div><div id=\"pg-959-1\"  class=\"panel-grid panel-no-style\" ><div id=\"pgc-959-1-0\"  class=\"panel-grid-cell\" ><div id=\"panel-959-1-0-0\" class=\"so-panel widget widget_sow-image panel-first-child panel-last-child\" data-index=\"1\" ><div\n\t\t\t\n\t\t\tclass=\"so-widget-sow-image so-widget-sow-image-default-8b5b6f678277-959\"\n\t\t\t\n\t\t>\n<div class=\"sow-image-container\">\n\t\t<img \n\tsrc=\"https:\/\/www.vindhemskoren.se\/wordpress\/wp-content\/uploads\/2023\/08\/IMG_17661.jpg\" width=\"1024\" height=\"768\" srcset=\"https:\/\/www.vindhemskoren.se\/wordpress\/wp-content\/uploads\/2023\/08\/IMG_17661.jpg 1024w, https:\/\/www.vindhemskoren.se\/wordpress\/wp-content\/uploads\/2023\/08\/IMG_17661-300x225.jpg 300w, https:\/\/www.vindhemskoren.se\/wordpress\/wp-content\/uploads\/2023\/08\/IMG_17661-768x576.jpg 768w, https:\/\/www.vindhemskoren.se\/wordpress\/wp-content\/uploads\/2023\/08\/IMG_17661-400x300.jpg 400w\" sizes=\"(max-width: 1024px) 100vw, 1024px\" title=\"Fr\u00e5n v\u00e5r konsert i Tubinasalen i Tartu.\" alt=\"\" \t\tclass=\"so-widget-image\"\/>\n\t<\/div>\n\n<h3 class=\"widget-title\">Fr\u00e5n v\u00e5r konsert i Tubinasalen i Tartu.<\/h3><\/div><\/div><\/div><\/div><\/div>","protected":false},"excerpt":{"rendered":"<p>V\u00e5r l\u00e4nge planerade resa till Estland blev verkligen lyckad och rik p\u00e5 upplevelser! Vi k\u00e4nner stor tacksamhet mot alla som har medverkat p\u00e5 olika s\u00e4tt: f\u00f6rsamlingar och v\u00e4rdar som tog emot oss med v\u00e4rme och v\u00e4nlighet, v\u00e5r resekommitt\u00e9 som noggrant &hellip; <a href=\"https:\/\/www.vindhemskoren.se\/wordpress\/?p=959\">Forts\u00e4tt l\u00e4sa <span class=\"meta-nav\">&rarr;<\/span><\/a><\/p>\n","protected":false},"author":3,"featured_media":0,"comment_status":"closed","ping_status":"closed","sticky":false,"template":"","format":"standard","meta":{"_s2mail":"","footnotes":""},"categories":[1],"tags":[],"class_list":["post-959","post","type-post","status-publish","format-standard","hentry","category-uncategorized"],"_links":{"self":[{"href":"https:\/\/www.vindhemskoren.se\/wordpress\/index.php?rest_route=\/wp\/v2\/posts\/959","targetHints":{"allow":["GET"]}}],"collection":[{"href":"https:\/\/www.vindhemskoren.se\/wordpress\/index.php?rest_route=\/wp\/v2\/posts"}],"about":[{"href":"https:\/\/www.vindhemskoren.se\/wordpress\/index.php?rest_route=\/wp\/v2\/types\/post"}],"author":[{"embeddable":true,"href":"https:\/\/www.vindhemskoren.se\/wordpress\/index.php?rest_route=\/wp\/v2\/users\/3"}],"replies":[{"embeddable":true,"href":"https:\/\/www.vindhemskoren.se\/wordpress\/index.php?rest_route=%2Fwp%2Fv2%2Fcomments&post=959"}],"version-history":[{"count":8,"href":"https:\/\/www.vindhemskoren.se\/wordpress\/index.php?rest_route=\/wp\/v2\/posts\/959\/revisions"}],"predecessor-version":[{"id":968,"href":"https:\/\/www.vindhemskoren.se\/wordpress\/index.php?rest_route=\/wp\/v2\/posts\/959\/revisions\/968"}],"wp:attachment":[{"href":"https:\/\/www.vindhemskoren.se\/wordpress\/index.php?rest_route=%2Fwp%2Fv2%2Fmedia&parent=959"}],"wp:term":[{"taxonomy":"category","embeddable":true,"href":"https:\/\/www.vindhemskoren.se\/wordpress\/index.php?rest_route=%2Fwp%2Fv2%2Fcategories&post=959"},{"taxonomy":"post_tag","embeddable":true,"href":"https:\/\/www.vindhemskoren.se\/wordpress\/index.php?rest_route=%2Fwp%2Fv2%2Ftags&post=959"}],"curies":[{"name":"wp","href":"https:\/\/api.w.org\/{rel}","templated":true}]}}