{"id":976,"date":"2023-09-18T10:06:05","date_gmt":"2023-09-18T08:06:05","guid":{"rendered":"https:\/\/www.vindhemskoren.se\/wordpress\/?p=976"},"modified":"2023-09-18T10:06:05","modified_gmt":"2023-09-18T08:06:05","slug":"en-host-med-korlager-festgudstjanst-och-konsert","status":"publish","type":"post","link":"https:\/\/www.vindhemskoren.se\/wordpress\/?p=976","title":{"rendered":"En h\u00f6st med k\u00f6rl\u00e4ger, festgudstj\u00e4nst och konsert"},"content":{"rendered":"<div id=\"pl-976\"  class=\"panel-layout\" ><div id=\"pg-976-0\"  class=\"panel-grid panel-no-style\" ><div id=\"pgc-976-0-0\"  class=\"panel-grid-cell\" ><div id=\"panel-976-0-0-0\" class=\"so-panel widget widget_sow-editor panel-first-child panel-last-child\" data-index=\"0\" ><div\n\t\t\t\n\t\t\tclass=\"so-widget-sow-editor so-widget-sow-editor-base\"\n\t\t\t\n\t\t>\n<div class=\"siteorigin-widget-tinymce textwidget\">\n\t<p>&nbsp;<\/p>\n<p>F\u00f6r m\u00e5nga inneb\u00e4r h\u00f6sten en \u00e5terg\u00e5ng till jobb och skola, men m\u00e5nga andra aktiviteter vaknar ocks\u00e5 till liv. F\u00f6r oss som \u00e4r lyckliga nog att sjunga i k\u00f6r betyder att vi f\u00e5r \u00e5teruppta \u00f6vningar och framtr\u00e4danden av olika slag.<\/p>\n<p>Som en av sina f\u00f6rsta aktiviteter har Vindhemsk\u00f6ren haft en fin k\u00f6rhelg p\u00e5 V\u00e4dd\u00f6 kursg\u00e5rd i Roslagen ungef\u00e4r nio mil fr\u00e5n Uppsala. Tillsammans med vikarierande k\u00f6rledare Kristina Lund har vi haft intensiva och nyttiga r\u00f6st\u00f6vningar men framf\u00f6r allt \u00f6vat p\u00e5 Vivaldis k\u00f6rverk Gloria, som vi ska framf\u00f6ra vid en konsert i november.<\/p>\n<p>I h\u00f6st fyller Vindhemskyrkan 120 \u00e5r, vilket f\u00f6rst\u00e5s ska uppm\u00e4rksammas, bland annat med en festgudstj\u00e4nst s\u00f6ndagen 22 oktober. D\u00e5 medverkar Vindhemsk\u00f6ren och inbjuder alla intresserade att delta i firandet.<\/p>\n<p>Du som \u00e4r intresserad av att vara med i k\u00f6ren, kan f\u00f6r n\u00e4rvarande kontakta v\u00e5r ordf\u00f6rande Britt Sj\u00f6berg tills v\u00e5r k\u00f6rledare Peter Melin kommer tillbaka senare i h\u00f6st. Britts telefon och e-postadress finns under rubriken Kontakt i sidhuvudet h\u00e4r ovan.<\/p>\n<p>Titta ocks\u00e5 efter v\u00e5ra kommande framtr\u00e4danden i gudstj\u00e4nster och konserter i kalendariet h\u00e4r intill!<\/p>\n<\/div>\n<\/div><\/div><\/div><\/div><div id=\"pg-976-1\"  class=\"panel-grid panel-no-style\" ><div id=\"pgc-976-1-0\"  class=\"panel-grid-cell\" ><div id=\"panel-976-1-0-0\" class=\"so-panel widget widget_sow-image panel-first-child panel-last-child\" data-index=\"1\" ><div\n\t\t\t\n\t\t\tclass=\"so-widget-sow-image so-widget-sow-image-default-8b5b6f678277-976\"\n\t\t\t\n\t\t>\n<div class=\"sow-image-container\">\n\t\t<img \n\tsrc=\"https:\/\/www.vindhemskoren.se\/wordpress\/wp-content\/uploads\/2023\/09\/Gruppbild-Vaddo-uppratad.jpg\" width=\"2294\" height=\"1403\" srcset=\"https:\/\/www.vindhemskoren.se\/wordpress\/wp-content\/uploads\/2023\/09\/Gruppbild-Vaddo-uppratad.jpg 2294w, https:\/\/www.vindhemskoren.se\/wordpress\/wp-content\/uploads\/2023\/09\/Gruppbild-Vaddo-uppratad-300x183.jpg 300w, https:\/\/www.vindhemskoren.se\/wordpress\/wp-content\/uploads\/2023\/09\/Gruppbild-Vaddo-uppratad-1024x626.jpg 1024w, https:\/\/www.vindhemskoren.se\/wordpress\/wp-content\/uploads\/2023\/09\/Gruppbild-Vaddo-uppratad-768x470.jpg 768w, https:\/\/www.vindhemskoren.se\/wordpress\/wp-content\/uploads\/2023\/09\/Gruppbild-Vaddo-uppratad-1536x939.jpg 1536w, https:\/\/www.vindhemskoren.se\/wordpress\/wp-content\/uploads\/2023\/09\/Gruppbild-Vaddo-uppratad-2048x1253.jpg 2048w, https:\/\/www.vindhemskoren.se\/wordpress\/wp-content\/uploads\/2023\/09\/Gruppbild-Vaddo-uppratad-491x300.jpg 491w\" sizes=\"(max-width: 2294px) 100vw, 2294px\" title=\"Gruppbild V\u00e4dd\u00f6 uppr\u00e4tad\" alt=\"\" \t\tclass=\"so-widget-image\"\/>\n\t<\/div>\n\n<\/div><\/div><\/div><\/div><\/div>","protected":false},"excerpt":{"rendered":"<p>&nbsp; F\u00f6r m\u00e5nga inneb\u00e4r h\u00f6sten en \u00e5terg\u00e5ng till jobb och skola, men m\u00e5nga andra aktiviteter vaknar ocks\u00e5 till liv. F\u00f6r oss som \u00e4r lyckliga nog att sjunga i k\u00f6r betyder att vi f\u00e5r \u00e5teruppta \u00f6vningar och framtr\u00e4danden av olika slag. &hellip; <a href=\"https:\/\/www.vindhemskoren.se\/wordpress\/?p=976\">Forts\u00e4tt l\u00e4sa <span class=\"meta-nav\">&rarr;<\/span><\/a><\/p>\n","protected":false},"author":1,"featured_media":0,"comment_status":"closed","ping_status":"closed","sticky":false,"template":"","format":"standard","meta":{"_s2mail":"","footnotes":""},"categories":[1],"tags":[],"class_list":["post-976","post","type-post","status-publish","format-standard","hentry","category-uncategorized"],"_links":{"self":[{"href":"https:\/\/www.vindhemskoren.se\/wordpress\/index.php?rest_route=\/wp\/v2\/posts\/976","targetHints":{"allow":["GET"]}}],"collection":[{"href":"https:\/\/www.vindhemskoren.se\/wordpress\/index.php?rest_route=\/wp\/v2\/posts"}],"about":[{"href":"https:\/\/www.vindhemskoren.se\/wordpress\/index.php?rest_route=\/wp\/v2\/types\/post"}],"author":[{"embeddable":true,"href":"https:\/\/www.vindhemskoren.se\/wordpress\/index.php?rest_route=\/wp\/v2\/users\/1"}],"replies":[{"embeddable":true,"href":"https:\/\/www.vindhemskoren.se\/wordpress\/index.php?rest_route=%2Fwp%2Fv2%2Fcomments&post=976"}],"version-history":[{"count":4,"href":"https:\/\/www.vindhemskoren.se\/wordpress\/index.php?rest_route=\/wp\/v2\/posts\/976\/revisions"}],"predecessor-version":[{"id":981,"href":"https:\/\/www.vindhemskoren.se\/wordpress\/index.php?rest_route=\/wp\/v2\/posts\/976\/revisions\/981"}],"wp:attachment":[{"href":"https:\/\/www.vindhemskoren.se\/wordpress\/index.php?rest_route=%2Fwp%2Fv2%2Fmedia&parent=976"}],"wp:term":[{"taxonomy":"category","embeddable":true,"href":"https:\/\/www.vindhemskoren.se\/wordpress\/index.php?rest_route=%2Fwp%2Fv2%2Fcategories&post=976"},{"taxonomy":"post_tag","embeddable":true,"href":"https:\/\/www.vindhemskoren.se\/wordpress\/index.php?rest_route=%2Fwp%2Fv2%2Ftags&post=976"}],"curies":[{"name":"wp","href":"https:\/\/api.w.org\/{rel}","templated":true}]}}