{"id":984,"date":"2023-10-19T09:29:36","date_gmt":"2023-10-19T07:29:36","guid":{"rendered":"https:\/\/www.vindhemskoren.se\/wordpress\/?p=984"},"modified":"2023-10-19T09:29:36","modified_gmt":"2023-10-19T07:29:36","slug":"jubileumsfirande-i-vindhemskyrkan-sankta-birgitta","status":"publish","type":"post","link":"https:\/\/www.vindhemskoren.se\/wordpress\/?p=984","title":{"rendered":"Jubileumsfirande i Vindhemskyrkan Sankta Birgitta"},"content":{"rendered":"<div id=\"pl-984\"  class=\"panel-layout\" ><div id=\"pg-984-0\"  class=\"panel-grid panel-no-style\" ><div id=\"pgc-984-0-0\"  class=\"panel-grid-cell\" ><div id=\"panel-984-0-0-0\" class=\"so-panel widget widget_sow-editor panel-first-child panel-last-child\" data-index=\"0\" ><div\n\t\t\t\n\t\t\tclass=\"so-widget-sow-editor so-widget-sow-editor-base\"\n\t\t\t\n\t\t>\n<div class=\"siteorigin-widget-tinymce textwidget\">\n\t<p>F\u00f6r ganska precis ett \u00e5r sen firade vi att Vindhemsk\u00f6ren fyllde 60 \u00e5r, och nu till helgen, 20-22 oktober, firar Vindhemskyrkan sitt 120-\u00e5rsjubileum. Vindhemsk\u00f6ren har allts\u00e5 funnits under halva kyrkans \u201dlivstid\u201d.<\/p>\n<p>Vid 100-\u00e5rsjubileet 2003 besl\u00f6t man att l\u00e4gga till \u201dSankta Birgitta\u201d till kyrkans namn. S\u00f6ndagens h\u00f6gm\u00e4ssa har stark anknytning till Heliga Birgitta, och Vindhemsk\u00f6ren sjunger bland annat tv\u00e5 s\u00e5nger med Birgitta-anknytning.<\/p>\n<p>P\u00e5 fredag kv\u00e4ll h\u00e5lls en Birgitta-andakt, och p\u00e5 l\u00f6rdag ger Stefanosk\u00f6ren, som numera ocks\u00e5 finns i Vindhemskyrkan, en konsert. P\u00e5 s\u00f6ndag eftermiddag firas en gudstj\u00e4nst f\u00f6r sm\u00e5 och stora, d\u00e5 barnk\u00f6ren Vindkraft medverkar.<\/p>\n<p>V\u00e4lkommen att delta i firandet! Se detaljerat program nedan. Kom ocks\u00e5 ih\u00e5g Vindhemsk\u00f6rens konsert i Gottsunda kyrka den 11 november, d\u00e5 vi framf\u00f6r Vivaldis Gloria!<\/p>\n<\/div>\n<\/div><\/div><\/div><\/div><div id=\"pg-984-1\"  class=\"panel-grid panel-no-style\" ><div id=\"pgc-984-1-0\"  class=\"panel-grid-cell\" ><div id=\"panel-984-1-0-0\" class=\"so-panel widget widget_sow-editor panel-first-child panel-last-child\" data-index=\"1\" ><div\n\t\t\t\n\t\t\tclass=\"so-widget-sow-editor so-widget-sow-editor-base\"\n\t\t\t\n\t\t>\n<div class=\"siteorigin-widget-tinymce textwidget\">\n\t<h1>Program f\u00f6r Vindhemskyrkans jubileumshelg<\/h1>\n<pre>Fredag 20 okt \n18.00 Birgitta-andakt \nAnnica Sundkvist, pr\u00e4st \nLinn\u00e9a Sj\u00f6berg, musiker<\/pre>\n<pre>L\u00f6rdag 21 okt \n16.00 Konsert Stefanosk\u00f6ren \nLinn\u00e9a Sj\u00f6berg, dirigent, sopran \nAnders Dillmar, orgel \nLuisa Garcia, cello, barockcello<\/pre>\n<pre>S\u00f6ndag 22\/10 \n11.00 H\u00f6gm\u00e4ssa Annica Sundkvist, pr\u00e4st \nVindhemsk\u00f6ren Linn\u00e9a Sj\u00f6berg,musiker \nPeter Melin och Kristina Lund, dirigenter \nKyrkkaffe med sm\u00f6rg\u00e5st\u00e5rta. Jan Lundell ber\u00e4ttar om Vindhemskyrkans \nhistoria.<\/pre>\n<pre>15.00: M\u00e4ssa med stora och sm\u00e5 \nAnnica Sundkvist, pr\u00e4st \nBarnk\u00f6ren Vindkraft \nLinn\u00e9a Sj\u00f6berg, musiker Annika Sandstr\u00f6m, pedagog \nPannkaksfika<\/pre>\n<\/div>\n<\/div><\/div><\/div><\/div><\/div>","protected":false},"excerpt":{"rendered":"<p>F\u00f6r ganska precis ett \u00e5r sen firade vi att Vindhemsk\u00f6ren fyllde 60 \u00e5r, och nu till helgen, 20-22 oktober, firar Vindhemskyrkan sitt 120-\u00e5rsjubileum. Vindhemsk\u00f6ren har allts\u00e5 funnits under halva kyrkans \u201dlivstid\u201d. Vid 100-\u00e5rsjubileet 2003 besl\u00f6t man att l\u00e4gga till \u201dSankta &hellip; <a href=\"https:\/\/www.vindhemskoren.se\/wordpress\/?p=984\">Forts\u00e4tt l\u00e4sa <span class=\"meta-nav\">&rarr;<\/span><\/a><\/p>\n","protected":false},"author":1,"featured_media":0,"comment_status":"closed","ping_status":"closed","sticky":false,"template":"","format":"standard","meta":{"_s2mail":"","footnotes":""},"categories":[1],"tags":[],"class_list":["post-984","post","type-post","status-publish","format-standard","hentry","category-uncategorized"],"_links":{"self":[{"href":"https:\/\/www.vindhemskoren.se\/wordpress\/index.php?rest_route=\/wp\/v2\/posts\/984","targetHints":{"allow":["GET"]}}],"collection":[{"href":"https:\/\/www.vindhemskoren.se\/wordpress\/index.php?rest_route=\/wp\/v2\/posts"}],"about":[{"href":"https:\/\/www.vindhemskoren.se\/wordpress\/index.php?rest_route=\/wp\/v2\/types\/post"}],"author":[{"embeddable":true,"href":"https:\/\/www.vindhemskoren.se\/wordpress\/index.php?rest_route=\/wp\/v2\/users\/1"}],"replies":[{"embeddable":true,"href":"https:\/\/www.vindhemskoren.se\/wordpress\/index.php?rest_route=%2Fwp%2Fv2%2Fcomments&post=984"}],"version-history":[{"count":2,"href":"https:\/\/www.vindhemskoren.se\/wordpress\/index.php?rest_route=\/wp\/v2\/posts\/984\/revisions"}],"predecessor-version":[{"id":986,"href":"https:\/\/www.vindhemskoren.se\/wordpress\/index.php?rest_route=\/wp\/v2\/posts\/984\/revisions\/986"}],"wp:attachment":[{"href":"https:\/\/www.vindhemskoren.se\/wordpress\/index.php?rest_route=%2Fwp%2Fv2%2Fmedia&parent=984"}],"wp:term":[{"taxonomy":"category","embeddable":true,"href":"https:\/\/www.vindhemskoren.se\/wordpress\/index.php?rest_route=%2Fwp%2Fv2%2Fcategories&post=984"},{"taxonomy":"post_tag","embeddable":true,"href":"https:\/\/www.vindhemskoren.se\/wordpress\/index.php?rest_route=%2Fwp%2Fv2%2Ftags&post=984"}],"curies":[{"name":"wp","href":"https:\/\/api.w.org\/{rel}","templated":true}]}}