{"id":988,"date":"2023-11-01T13:56:09","date_gmt":"2023-11-01T12:56:09","guid":{"rendered":"https:\/\/www.vindhemskoren.se\/wordpress\/?p=988"},"modified":"2023-11-01T13:56:09","modified_gmt":"2023-11-01T12:56:09","slug":"konsert-med-vindhemskoren-i-gottsunda-kyrka","status":"publish","type":"post","link":"https:\/\/www.vindhemskoren.se\/wordpress\/?p=988","title":{"rendered":"Konsert med Vindhemsk\u00f6ren i Gottsunda kyrka"},"content":{"rendered":"<div id=\"pl-988\"  class=\"panel-layout\" ><div id=\"pg-988-0\"  class=\"panel-grid panel-no-style\" ><div id=\"pgc-988-0-0\"  class=\"panel-grid-cell\" ><div id=\"panel-988-0-0-0\" class=\"so-panel widget widget_sow-editor panel-first-child panel-last-child\" data-index=\"0\" ><div\n\t\t\t\n\t\t\tclass=\"so-widget-sow-editor so-widget-sow-editor-base\"\n\t\t\t\n\t\t>\n<div class=\"siteorigin-widget-tinymce textwidget\">\n\t<p>F\u00f6r n\u00e5gra veckor sen firade Vindhemskyrkan Sankta Birgitta 120-\u00e5rsjubileum med Birgitta-andakt, konsert med Stefanosk\u00f6ren och h\u00f6gtidsgudstj\u00e4nst, d\u00e4r Vindhemsk\u00f6ren medverkade. Alla programpunkter var v\u00e4lbes\u00f6kta och mycket uppskattade.<\/p>\n<p>Men under h\u00f6sten har vi ocks\u00e5 f\u00f6rberett oss f\u00f6r en konsert som ges i Gottsunda kyrka l\u00f6rdag 11 november kl 18.00. D\u00e5 framf\u00f6r vi Antonio Vivaldis Gloria, glad och upplyftande musik. F\u00f6rutom Vindhemsk\u00f6ren under ledning av Peter Melin medverkar solisterna Karin Ingeb\u00e4ck (sopran) och Erika Sax (alt) samt Ensemble Fenix.<\/p>\n<p>V\u00e4lkomna att lyssna p\u00e5 h\u00e4rlig musik i h\u00f6stdunklet! Fri entr\u00e9!<\/p>\n<p>H\u00e4rn\u00e4st p\u00e5 Vindhemsk\u00f6rens program st\u00e5r gudstj\u00e4nsten p\u00e5 f\u00f6rsta advent (3 december kl 11) i Vindhemskyrkan. D\u00e5 framf\u00f6r vi de efterl\u00e4ngtade adventss\u00e5ngerna, och efter\u00e5t bjuder k\u00f6ren p\u00e5 kyrkkaffe i f\u00f6rsamlingshemmet. Hoppas vi ses d\u00e5 ocks\u00e5! H\u00e5ll utkik i kalendariet h\u00e4r intill!<\/p>\n<\/div>\n<\/div><\/div><\/div><\/div><div id=\"pg-988-1\"  class=\"panel-grid panel-no-style\" ><div id=\"pgc-988-1-0\"  class=\"panel-grid-cell\" ><div id=\"panel-988-1-0-0\" class=\"so-panel widget widget_sow-image panel-first-child panel-last-child\" data-index=\"1\" ><div\n\t\t\t\n\t\t\tclass=\"so-widget-sow-image so-widget-sow-image-default-8b5b6f678277-988\"\n\t\t\t\n\t\t>\n<div class=\"sow-image-container\">\n\t\t<img \n\tsrc=\"https:\/\/www.vindhemskoren.se\/wordpress\/wp-content\/uploads\/2023\/11\/Gloria-vivaldi-instagram.png\" width=\"1414\" height=\"1575\" srcset=\"https:\/\/www.vindhemskoren.se\/wordpress\/wp-content\/uploads\/2023\/11\/Gloria-vivaldi-instagram.png 1414w, https:\/\/www.vindhemskoren.se\/wordpress\/wp-content\/uploads\/2023\/11\/Gloria-vivaldi-instagram-269x300.png 269w, https:\/\/www.vindhemskoren.se\/wordpress\/wp-content\/uploads\/2023\/11\/Gloria-vivaldi-instagram-919x1024.png 919w, https:\/\/www.vindhemskoren.se\/wordpress\/wp-content\/uploads\/2023\/11\/Gloria-vivaldi-instagram-768x855.png 768w, https:\/\/www.vindhemskoren.se\/wordpress\/wp-content\/uploads\/2023\/11\/Gloria-vivaldi-instagram-1379x1536.png 1379w\" sizes=\"(max-width: 1414px) 100vw, 1414px\" title=\"Gloria vivaldi- instagram\" alt=\"\" \t\tclass=\"so-widget-image\"\/>\n\t<\/div>\n\n<\/div><\/div><\/div><\/div><\/div>","protected":false},"excerpt":{"rendered":"<p>F\u00f6r n\u00e5gra veckor sen firade Vindhemskyrkan Sankta Birgitta 120-\u00e5rsjubileum med Birgitta-andakt, konsert med Stefanosk\u00f6ren och h\u00f6gtidsgudstj\u00e4nst, d\u00e4r Vindhemsk\u00f6ren medverkade. Alla programpunkter var v\u00e4lbes\u00f6kta och mycket uppskattade. Men under h\u00f6sten har vi ocks\u00e5 f\u00f6rberett oss f\u00f6r en konsert som ges i &hellip; <a href=\"https:\/\/www.vindhemskoren.se\/wordpress\/?p=988\">Forts\u00e4tt l\u00e4sa <span class=\"meta-nav\">&rarr;<\/span><\/a><\/p>\n","protected":false},"author":1,"featured_media":0,"comment_status":"closed","ping_status":"closed","sticky":false,"template":"","format":"standard","meta":{"_s2mail":"","footnotes":""},"categories":[1],"tags":[],"class_list":["post-988","post","type-post","status-publish","format-standard","hentry","category-uncategorized"],"_links":{"self":[{"href":"https:\/\/www.vindhemskoren.se\/wordpress\/index.php?rest_route=\/wp\/v2\/posts\/988","targetHints":{"allow":["GET"]}}],"collection":[{"href":"https:\/\/www.vindhemskoren.se\/wordpress\/index.php?rest_route=\/wp\/v2\/posts"}],"about":[{"href":"https:\/\/www.vindhemskoren.se\/wordpress\/index.php?rest_route=\/wp\/v2\/types\/post"}],"author":[{"embeddable":true,"href":"https:\/\/www.vindhemskoren.se\/wordpress\/index.php?rest_route=\/wp\/v2\/users\/1"}],"replies":[{"embeddable":true,"href":"https:\/\/www.vindhemskoren.se\/wordpress\/index.php?rest_route=%2Fwp%2Fv2%2Fcomments&post=988"}],"version-history":[{"count":6,"href":"https:\/\/www.vindhemskoren.se\/wordpress\/index.php?rest_route=\/wp\/v2\/posts\/988\/revisions"}],"predecessor-version":[{"id":996,"href":"https:\/\/www.vindhemskoren.se\/wordpress\/index.php?rest_route=\/wp\/v2\/posts\/988\/revisions\/996"}],"wp:attachment":[{"href":"https:\/\/www.vindhemskoren.se\/wordpress\/index.php?rest_route=%2Fwp%2Fv2%2Fmedia&parent=988"}],"wp:term":[{"taxonomy":"category","embeddable":true,"href":"https:\/\/www.vindhemskoren.se\/wordpress\/index.php?rest_route=%2Fwp%2Fv2%2Fcategories&post=988"},{"taxonomy":"post_tag","embeddable":true,"href":"https:\/\/www.vindhemskoren.se\/wordpress\/index.php?rest_route=%2Fwp%2Fv2%2Ftags&post=988"}],"curies":[{"name":"wp","href":"https:\/\/api.w.org\/{rel}","templated":true}]}}