{"id":999,"date":"2023-11-28T22:20:40","date_gmt":"2023-11-28T21:20:40","guid":{"rendered":"https:\/\/www.vindhemskoren.se\/wordpress\/?p=999"},"modified":"2023-11-28T22:20:58","modified_gmt":"2023-11-28T21:20:58","slug":"festligt-adventsfirande","status":"publish","type":"post","link":"https:\/\/www.vindhemskoren.se\/wordpress\/?p=999","title":{"rendered":"Festligt adventsfirande"},"content":{"rendered":"<div id=\"pl-999\"  class=\"panel-layout\" ><div id=\"pg-999-0\"  class=\"panel-grid panel-no-style\" ><div id=\"pgc-999-0-0\"  class=\"panel-grid-cell\" ><div id=\"panel-999-0-0-0\" class=\"so-panel widget widget_sow-editor panel-first-child panel-last-child\" data-index=\"0\" ><div\n\t\t\t\n\t\t\tclass=\"so-widget-sow-editor so-widget-sow-editor-base\"\n\t\t\t\n\t\t>\n<div class=\"siteorigin-widget-tinymce textwidget\">\n\t<p>F\u00f6rsta advent n\u00e4rmar sig, och traditionsenligt medverkar Vindhemsk\u00f6ren med s\u00e5ng i h\u00f6gm\u00e4ssan i Vindhemskyrkan Sankta Birgitta s\u00f6ndag 3 december kl 11. Den som l\u00e4ngtar efter att h\u00f6ra de k\u00e4ra adventss\u00e5ngerna blir inte besviken! Efter gudstj\u00e4nsten bjuder k\u00f6ren p\u00e5 festligt kyrkkaffe i f\u00f6rsamlingshemmet. Varmt v\u00e4lkomna!<\/p>\n<p>Du som vill b\u00f6rja sjunga i k\u00f6r eller funderar p\u00e5 att \u00e5teruppta ditt k\u00f6rintresse under 2024, g\u00e5 in under fliken Sjung med oss h\u00e4r p\u00e5 hemsidan och kontakta v\u00e5r k\u00f6rledare Peter Melin.<\/p>\n<\/div>\n<\/div><\/div><\/div><div id=\"pgc-999-0-1\"  class=\"panel-grid-cell\" ><div id=\"panel-999-0-1-0\" class=\"so-panel widget widget_sow-image panel-first-child panel-last-child\" data-index=\"1\" ><div\n\t\t\t\n\t\t\tclass=\"so-widget-sow-image so-widget-sow-image-default-8b5b6f678277-999\"\n\t\t\t\n\t\t>\n<div class=\"sow-image-container\">\n\t\t<img \n\tsrc=\"https:\/\/www.vindhemskoren.se\/wordpress\/wp-content\/uploads\/2023\/11\/Roda-bar-vinter_beskuren.png\" width=\"777\" height=\"752\" srcset=\"https:\/\/www.vindhemskoren.se\/wordpress\/wp-content\/uploads\/2023\/11\/Roda-bar-vinter_beskuren.png 777w, https:\/\/www.vindhemskoren.se\/wordpress\/wp-content\/uploads\/2023\/11\/Roda-bar-vinter_beskuren-300x290.png 300w, https:\/\/www.vindhemskoren.se\/wordpress\/wp-content\/uploads\/2023\/11\/Roda-bar-vinter_beskuren-768x743.png 768w, https:\/\/www.vindhemskoren.se\/wordpress\/wp-content\/uploads\/2023\/11\/Roda-bar-vinter_beskuren-310x300.png 310w\" sizes=\"(max-width: 777px) 100vw, 777px\" title=\"R\u00f6da b\u00e4r vinter_beskuren\" alt=\"\" \t\tclass=\"so-widget-image\"\/>\n\t<\/div>\n\n<\/div><\/div><\/div><\/div><\/div>","protected":false},"excerpt":{"rendered":"<p>F\u00f6rsta advent n\u00e4rmar sig, och traditionsenligt medverkar Vindhemsk\u00f6ren med s\u00e5ng i h\u00f6gm\u00e4ssan i Vindhemskyrkan Sankta Birgitta s\u00f6ndag 3 december kl 11. Den som l\u00e4ngtar efter att h\u00f6ra de k\u00e4ra adventss\u00e5ngerna blir inte besviken! Efter gudstj\u00e4nsten bjuder k\u00f6ren p\u00e5 festligt kyrkkaffe &hellip; <a href=\"https:\/\/www.vindhemskoren.se\/wordpress\/?p=999\">Forts\u00e4tt l\u00e4sa <span class=\"meta-nav\">&rarr;<\/span><\/a><\/p>\n","protected":false},"author":1,"featured_media":0,"comment_status":"closed","ping_status":"closed","sticky":false,"template":"","format":"standard","meta":{"_s2mail":"","footnotes":""},"categories":[1],"tags":[],"class_list":["post-999","post","type-post","status-publish","format-standard","hentry","category-uncategorized"],"_links":{"self":[{"href":"https:\/\/www.vindhemskoren.se\/wordpress\/index.php?rest_route=\/wp\/v2\/posts\/999","targetHints":{"allow":["GET"]}}],"collection":[{"href":"https:\/\/www.vindhemskoren.se\/wordpress\/index.php?rest_route=\/wp\/v2\/posts"}],"about":[{"href":"https:\/\/www.vindhemskoren.se\/wordpress\/index.php?rest_route=\/wp\/v2\/types\/post"}],"author":[{"embeddable":true,"href":"https:\/\/www.vindhemskoren.se\/wordpress\/index.php?rest_route=\/wp\/v2\/users\/1"}],"replies":[{"embeddable":true,"href":"https:\/\/www.vindhemskoren.se\/wordpress\/index.php?rest_route=%2Fwp%2Fv2%2Fcomments&post=999"}],"version-history":[{"count":8,"href":"https:\/\/www.vindhemskoren.se\/wordpress\/index.php?rest_route=\/wp\/v2\/posts\/999\/revisions"}],"predecessor-version":[{"id":1008,"href":"https:\/\/www.vindhemskoren.se\/wordpress\/index.php?rest_route=\/wp\/v2\/posts\/999\/revisions\/1008"}],"wp:attachment":[{"href":"https:\/\/www.vindhemskoren.se\/wordpress\/index.php?rest_route=%2Fwp%2Fv2%2Fmedia&parent=999"}],"wp:term":[{"taxonomy":"category","embeddable":true,"href":"https:\/\/www.vindhemskoren.se\/wordpress\/index.php?rest_route=%2Fwp%2Fv2%2Fcategories&post=999"},{"taxonomy":"post_tag","embeddable":true,"href":"https:\/\/www.vindhemskoren.se\/wordpress\/index.php?rest_route=%2Fwp%2Fv2%2Ftags&post=999"}],"curies":[{"name":"wp","href":"https:\/\/api.w.org\/{rel}","templated":true}]}}